{"id":15881,"date":"2016-09-26T19:16:38","date_gmt":"2016-09-26T19:16:38","guid":{"rendered":""},"modified":"2016-09-26T19:16:38","modified_gmt":"2016-09-26T19:16:38","slug":"para-ser-saludable-cuide-su-cuerpo-mente-y-espiritu","status":"publish","type":"post","link":"https:\/\/sertv.gob.pa\/nacionalfm\/para-ser-saludable-cuide-su-cuerpo-mente-y-espiritu\/","title":{"rendered":"Para ser saludable, cuide su cuerpo, mente y esp\u00edritu"},"content":{"rendered":"<p>\n Panam\u00e1 , el 52% de las causas de fallecimientos tienen que ver con  condiciones asociadas al coraz\u00f3n, ri\u00f1ones, cerebro y vasos sangu\u00edneos . Estad\u00edsticamente, los  infartos, derrames cerebrales, problemas renales y relacionados con la obesidad , en conjunto, tienen un mayor peso que distintos tipos de tumores. El  estilo de vida  puede influir en gran medida en estos problemas de salud y, por lo tanto, es un factor modificable. <\/p>\n<p>El doctor  Jorge Jes\u00fas Rodr\u00edguez Sotomayor , m\u00e9dico familiar, docente universitario y colaborador del Ministerio de Salud de Panam\u00e1, indica que el cuidado de la salud debe contemplar cuatro esferas: la biol\u00f3gica, la psicol\u00f3gica, la social y espiritual. <\/p>\n<p>En el aspecto biol\u00f3gico, el cuerpo, como un carro, requiere un &ldquo;mantenimiento&rdquo; peri\u00f3dico. Se debe ir al m\u00e9dico y al odont\u00f3logo al menos una vez al a\u00f1o, para hacerse chequeos o controles. <\/p>\n<p>&ldquo;El m\u00e9dico general o de familia debe evaluar al paciente seg\u00fan su edad, sexo y factores de riesgo; le ordenar\u00e1 algunos estudios, le puede prescribir medicinas y vacunas, aparte de aconsejarlo sobre su estilo de vida&rdquo;, a\u00f1ade el m\u00e9dico. <\/p>\n<p>La actividad f\u00edsica diaria, al menos por 30 minutos, tambi\u00e9n es importante. El m\u00e9dico destaca que se deben practicar ejercicios aer\u00f3bicos, de estiramiento y de peso, para mejorar no solo su condici\u00f3n cardiovascular, sino tambi\u00e9n la postura, ganar flexibilidad y fuerza, y evitar dolores y ca\u00eddas. &ldquo;La expectativa de vida aumenta de dos a cuatro a\u00f1os con solo hacer una actividad aer\u00f3bica adecuada&rdquo;. <\/p>\n<p>Situaciones familiares, laborales y del entorno producen estr\u00e9s, que hace que se eleve el nivel de la hormona cortisol. Un mal manejo del estr\u00e9s puede acarrear problemas cardiovasculares e incrementar el peligro de obesidad. La manera como se relaciona la persona consigo misma, con los dem\u00e1s, con la naturaleza y con un ser espiritual impacta en su forma de afrontar las situaciones cotidianas y el estr\u00e9s. <\/p>\n<p>&ldquo;Quienes tienen un prop\u00f3sito en la vida viven 17 a\u00f1os m\u00e1s en comparaci\u00f3n de quienes no lo tienen&rdquo;, se\u00f1ala el galeno. &ldquo;Enfrentar las adversidades con resiliencia y optimismo aumenta la probabilidad de vivir m\u00e1s a\u00f1os&rdquo;. <\/p>\n<p>\u00a0 <\/p>\n","protected":false},"excerpt":{"rendered":"<p>Panam\u00e1 , el 52% de las causas de fallecimientos tienen <a href=\"https:\/\/sertv.gob.pa\/nacionalfm\/para-ser-saludable-cuide-su-cuerpo-mente-y-espiritu\/\"> [&#8230;]<\/a><\/p>\n","protected":false},"author":1,"featured_media":15882,"comment_status":"closed","ping_status":"closed","sticky":false,"template":"","format":"standard","meta":{"footnotes":""},"categories":[5],"tags":[],"class_list":["post-15881","post","type-post","status-publish","format-standard","has-post-thumbnail","hentry","category-salud"],"_links":{"self":[{"href":"https:\/\/sertv.gob.pa\/nacionalfm\/wp-json\/wp\/v2\/posts\/15881","targetHints":{"allow":["GET"]}}],"collection":[{"href":"https:\/\/sertv.gob.pa\/nacionalfm\/wp-json\/wp\/v2\/posts"}],"about":[{"href":"https:\/\/sertv.gob.pa\/nacionalfm\/wp-json\/wp\/v2\/types\/post"}],"author":[{"embeddable":true,"href":"https:\/\/sertv.gob.pa\/nacionalfm\/wp-json\/wp\/v2\/users\/1"}],"replies":[{"embeddable":true,"href":"https:\/\/sertv.gob.pa\/nacionalfm\/wp-json\/wp\/v2\/comments?post=15881"}],"version-history":[{"count":0,"href":"https:\/\/sertv.gob.pa\/nacionalfm\/wp-json\/wp\/v2\/posts\/15881\/revisions"}],"wp:featuredmedia":[{"embeddable":true,"href":"https:\/\/sertv.gob.pa\/nacionalfm\/wp-json\/wp\/v2\/media\/15882"}],"wp:attachment":[{"href":"https:\/\/sertv.gob.pa\/nacionalfm\/wp-json\/wp\/v2\/media?parent=15881"}],"wp:term":[{"taxonomy":"category","embeddable":true,"href":"https:\/\/sertv.gob.pa\/nacionalfm\/wp-json\/wp\/v2\/categories?post=15881"},{"taxonomy":"post_tag","embeddable":true,"href":"https:\/\/sertv.gob.pa\/nacionalfm\/wp-json\/wp\/v2\/tags?post=15881"}],"curies":[{"name":"wp","href":"https:\/\/api.w.org\/{rel}","templated":true}]}}