{"id":15891,"date":"2016-09-26T21:14:24","date_gmt":"2016-09-26T21:14:24","guid":{"rendered":""},"modified":"2016-09-26T21:14:24","modified_gmt":"2016-09-26T21:14:24","slug":"en-reapertura-del-muquita-santa-gema-logra-victoria","status":"publish","type":"post","link":"https:\/\/sertv.gob.pa\/nacionalfm\/en-reapertura-del-muquita-santa-gema-logra-victoria\/","title":{"rendered":"En reapertura \u201cDel Muquita\u201d, Santa Gema logra victoria"},"content":{"rendered":"<p>\nEn la reinauguraci\u00f3n del estadio Agust\u00edn &ldquo;Muquita&rdquo; S\u00e1nchez de la Chorrera San Francisco y Santa Gema termin\u00f3 con victoria de los muchachos de Arraij\u00e1n mediante gol de Bernardo Palma. <\/p>\n<p>El partido se realiz\u00f3 con una importante concurrencia y con la presencia del presidente de la Rep\u00fablica Juan Carlos Varela, quien particip\u00f3 de la ceremonia de reapertura.\u00a0 <\/p>\n<p>Los monjes terminaron jugando el partido con dos jugadores menos por las expulsiones de Jiovany Ramos y Miguel Duque, y no pudieron crear ocasiones para empatar el partido ante un Santa Gema que se conform\u00f3 con la ventaja para solo esperar el final de los noventa minutos. <\/p>\n<p>\u00a0 <\/p>\n","protected":false},"excerpt":{"rendered":"<p>En la reinauguraci\u00f3n del estadio Agust\u00edn &ldquo;Muquita&rdquo; S\u00e1nchez de la <a href=\"https:\/\/sertv.gob.pa\/nacionalfm\/en-reapertura-del-muquita-santa-gema-logra-victoria\/\"> [&#8230;]<\/a><\/p>\n","protected":false},"author":1,"featured_media":15892,"comment_status":"closed","ping_status":"closed","sticky":false,"template":"","format":"standard","meta":{"footnotes":""},"categories":[4],"tags":[],"class_list":["post-15891","post","type-post","status-publish","format-standard","has-post-thumbnail","hentry","category-deportes"],"_links":{"self":[{"href":"https:\/\/sertv.gob.pa\/nacionalfm\/wp-json\/wp\/v2\/posts\/15891","targetHints":{"allow":["GET"]}}],"collection":[{"href":"https:\/\/sertv.gob.pa\/nacionalfm\/wp-json\/wp\/v2\/posts"}],"about":[{"href":"https:\/\/sertv.gob.pa\/nacionalfm\/wp-json\/wp\/v2\/types\/post"}],"author":[{"embeddable":true,"href":"https:\/\/sertv.gob.pa\/nacionalfm\/wp-json\/wp\/v2\/users\/1"}],"replies":[{"embeddable":true,"href":"https:\/\/sertv.gob.pa\/nacionalfm\/wp-json\/wp\/v2\/comments?post=15891"}],"version-history":[{"count":0,"href":"https:\/\/sertv.gob.pa\/nacionalfm\/wp-json\/wp\/v2\/posts\/15891\/revisions"}],"wp:featuredmedia":[{"embeddable":true,"href":"https:\/\/sertv.gob.pa\/nacionalfm\/wp-json\/wp\/v2\/media\/15892"}],"wp:attachment":[{"href":"https:\/\/sertv.gob.pa\/nacionalfm\/wp-json\/wp\/v2\/media?parent=15891"}],"wp:term":[{"taxonomy":"category","embeddable":true,"href":"https:\/\/sertv.gob.pa\/nacionalfm\/wp-json\/wp\/v2\/categories?post=15891"},{"taxonomy":"post_tag","embeddable":true,"href":"https:\/\/sertv.gob.pa\/nacionalfm\/wp-json\/wp\/v2\/tags?post=15891"}],"curies":[{"name":"wp","href":"https:\/\/api.w.org\/{rel}","templated":true}]}}