{"id":15905,"date":"2016-09-27T16:36:13","date_gmt":"2016-09-27T16:36:13","guid":{"rendered":""},"modified":"2016-09-27T16:36:13","modified_gmt":"2016-09-27T16:36:13","slug":"con-exito-carrera-caminata-ruta-de-las-plazas","status":"publish","type":"post","link":"https:\/\/sertv.gob.pa\/nacionalfm\/con-exito-carrera-caminata-ruta-de-las-plazas\/","title":{"rendered":"Con \u00e9xito Carrera-Caminata Ruta de las Plazas"},"content":{"rendered":"<p>\n M\u00e1s de 1500 personas en un solo lugar por la inclusi\u00f3n de las personas con discapacidad, contribuyeron con el \u00e9xito de la III Versi\u00f3n de la Carrera Caminata Ruta de las Plazas.  <\/p>\n<p> Participaron m\u00e1s de 800 corredores en la carrera-caminata en la Cinta Costera 3.  <\/p>\n<p> Los circuitos de 5k, 10k y 2.5 kil\u00f3metro a trav\u00e9s del Casco Antiguo iniciaron en punto de las 6:30 a.m., luego de una secci\u00f3n de calentamiento a cargo del instructor Abdiel Abdul de Power Club.\u00a0   <\/p>\n<p> Tanto corredores como caminantes tuvieron la oportunidad de recorrer las plazas, que fueron ilustradas con pensamientos de motivaci\u00f3n e inclusi\u00f3n de los atletas de Olimpiadas Especiales Panam\u00e1. En esta ocasi\u00f3n el sentido de la v\u00eda fue invertido haciendo el recorrido de las plazas en el siguiente orden: Plaza V Centenario, Plaza Bolivar, Plaza de Francia, Plaza Catedral y Plaza Herrera.   <\/p>\n<p> El presidente de la Rep\u00fablica Juan Carlos Varela, asisti\u00f3 a este evento por segundo a\u00f1o consecutivo caminando los 5 kil\u00f3metros en compa\u00f1\u00eda de los atletas de Olimpiadas Especiales.\u00a0   <\/p>\n<p> Adem\u00e1s se cont\u00f3 con la presencia de personalidades como Manuel Corredera, Monica Franco, Orman Inis, Any Tovar y la esgrimista ol\u00edmpica Eileen Grench, todos nombrados padrinos y madrinas del evento.   <\/p>\n<p> Los ganadores de 18 a\u00f1os y m\u00e1s de la rama masculina fueron \u00c1lvaro Lozada, primer lugar, en el segundo Jos\u00e9 Osorio y tercero Pedro Carasari, en la rama femenina de 18 a\u00f1os y m\u00e1s, la primera fue Malena Manr\u00edquez, en segundo lugar Gelmis QuinterO y en tercer lugar Viola Guevara.  <\/p>\n","protected":false},"excerpt":{"rendered":"<p>M\u00e1s de 1500 personas en un solo lugar por la <a href=\"https:\/\/sertv.gob.pa\/nacionalfm\/con-exito-carrera-caminata-ruta-de-las-plazas\/\"> [&#8230;]<\/a><\/p>\n","protected":false},"author":1,"featured_media":15906,"comment_status":"closed","ping_status":"closed","sticky":false,"template":"","format":"standard","meta":{"footnotes":""},"categories":[4],"tags":[],"class_list":["post-15905","post","type-post","status-publish","format-standard","has-post-thumbnail","hentry","category-deportes"],"_links":{"self":[{"href":"https:\/\/sertv.gob.pa\/nacionalfm\/wp-json\/wp\/v2\/posts\/15905","targetHints":{"allow":["GET"]}}],"collection":[{"href":"https:\/\/sertv.gob.pa\/nacionalfm\/wp-json\/wp\/v2\/posts"}],"about":[{"href":"https:\/\/sertv.gob.pa\/nacionalfm\/wp-json\/wp\/v2\/types\/post"}],"author":[{"embeddable":true,"href":"https:\/\/sertv.gob.pa\/nacionalfm\/wp-json\/wp\/v2\/users\/1"}],"replies":[{"embeddable":true,"href":"https:\/\/sertv.gob.pa\/nacionalfm\/wp-json\/wp\/v2\/comments?post=15905"}],"version-history":[{"count":0,"href":"https:\/\/sertv.gob.pa\/nacionalfm\/wp-json\/wp\/v2\/posts\/15905\/revisions"}],"wp:featuredmedia":[{"embeddable":true,"href":"https:\/\/sertv.gob.pa\/nacionalfm\/wp-json\/wp\/v2\/media\/15906"}],"wp:attachment":[{"href":"https:\/\/sertv.gob.pa\/nacionalfm\/wp-json\/wp\/v2\/media?parent=15905"}],"wp:term":[{"taxonomy":"category","embeddable":true,"href":"https:\/\/sertv.gob.pa\/nacionalfm\/wp-json\/wp\/v2\/categories?post=15905"},{"taxonomy":"post_tag","embeddable":true,"href":"https:\/\/sertv.gob.pa\/nacionalfm\/wp-json\/wp\/v2\/tags?post=15905"}],"curies":[{"name":"wp","href":"https:\/\/api.w.org\/{rel}","templated":true}]}}