{"id":15911,"date":"2016-09-27T18:54:28","date_gmt":"2016-09-27T18:54:28","guid":{"rendered":""},"modified":"2016-09-27T18:54:28","modified_gmt":"2016-09-27T18:54:28","slug":"tener-nauseas-durante-el-embarazo-previene-aborto-espontaneo","status":"publish","type":"post","link":"https:\/\/sertv.gob.pa\/nacionalfm\/tener-nauseas-durante-el-embarazo-previene-aborto-espontaneo\/","title":{"rendered":"Tener n\u00e1useas durante el embarazo previene aborto espont\u00e1neo"},"content":{"rendered":"<p>\nLas mujeres embarazadas les temen, pero las n\u00e1useas matutinas son en realidad una buena se\u00f1al para el beb\u00e9, de acuerdo con un estudio que confirma dichos de la cultura popular e investigaci\u00f3n menos rigurosa. <\/p>\n<p>Las mujeres con n\u00e1useas en las etapas tempranas del embarazo tendr\u00edan hasta 50% menos probabilidad de sufrir un aborto espont\u00e1neo o la muerte del feto. <\/p>\n<p>Los abortos igualmente fueron menos comunes en mujeres que adem\u00e1s de n\u00e1useas tuvieron v\u00f3mitos, aunque los beneficios fueron mayores para aquellas que solo tuvieron n\u00e1useas. <\/p>\n<p> Efectuado por investigadores del Instituto Nacional de Salud Infantil y Desarrollo Humano, el estudio involucr\u00f3 a casi 800 mujeres que tuvieron al menos un aborto espont\u00e1neo y que lograron embarazarse otra vez.   <\/p>\n<p>Stefanie Hinkle, la principal autora e investigadora del instituto, manifest\u00f3 que se trata del estudio m\u00e1s riguroso que se ha hecho al respecto, pero tambi\u00e9n reconoci\u00f3 que no queda claro si esto aplica asimismo a las mam\u00e1s primerizas. Los resultados fueron publicados en la gaceta de medicina JAMA Internal Medicine. <\/p>\n<p>\u00a0 <\/p>\n","protected":false},"excerpt":{"rendered":"<p>Las mujeres embarazadas les temen, pero las n\u00e1useas matutinas son <a href=\"https:\/\/sertv.gob.pa\/nacionalfm\/tener-nauseas-durante-el-embarazo-previene-aborto-espontaneo\/\"> [&#8230;]<\/a><\/p>\n","protected":false},"author":1,"featured_media":15912,"comment_status":"closed","ping_status":"closed","sticky":false,"template":"","format":"standard","meta":{"footnotes":""},"categories":[5],"tags":[],"class_list":["post-15911","post","type-post","status-publish","format-standard","has-post-thumbnail","hentry","category-salud"],"_links":{"self":[{"href":"https:\/\/sertv.gob.pa\/nacionalfm\/wp-json\/wp\/v2\/posts\/15911","targetHints":{"allow":["GET"]}}],"collection":[{"href":"https:\/\/sertv.gob.pa\/nacionalfm\/wp-json\/wp\/v2\/posts"}],"about":[{"href":"https:\/\/sertv.gob.pa\/nacionalfm\/wp-json\/wp\/v2\/types\/post"}],"author":[{"embeddable":true,"href":"https:\/\/sertv.gob.pa\/nacionalfm\/wp-json\/wp\/v2\/users\/1"}],"replies":[{"embeddable":true,"href":"https:\/\/sertv.gob.pa\/nacionalfm\/wp-json\/wp\/v2\/comments?post=15911"}],"version-history":[{"count":0,"href":"https:\/\/sertv.gob.pa\/nacionalfm\/wp-json\/wp\/v2\/posts\/15911\/revisions"}],"wp:featuredmedia":[{"embeddable":true,"href":"https:\/\/sertv.gob.pa\/nacionalfm\/wp-json\/wp\/v2\/media\/15912"}],"wp:attachment":[{"href":"https:\/\/sertv.gob.pa\/nacionalfm\/wp-json\/wp\/v2\/media?parent=15911"}],"wp:term":[{"taxonomy":"category","embeddable":true,"href":"https:\/\/sertv.gob.pa\/nacionalfm\/wp-json\/wp\/v2\/categories?post=15911"},{"taxonomy":"post_tag","embeddable":true,"href":"https:\/\/sertv.gob.pa\/nacionalfm\/wp-json\/wp\/v2\/tags?post=15911"}],"curies":[{"name":"wp","href":"https:\/\/api.w.org\/{rel}","templated":true}]}}