{"id":15923,"date":"2016-09-27T20:44:12","date_gmt":"2016-09-27T20:44:12","guid":{"rendered":""},"modified":"2016-09-27T20:44:12","modified_gmt":"2016-09-27T20:44:12","slug":"gustavo-padilla-sera-juez-en-pelea-cermeno-thisa","status":"publish","type":"post","link":"https:\/\/sertv.gob.pa\/nacionalfm\/gustavo-padilla-sera-juez-en-pelea-cermeno-thisa\/","title":{"rendered":"Gustavo Padilla ser\u00e1 juez en pelea Cerme\u00f1o-Thisa"},"content":{"rendered":"<p>\nLa Asociaci\u00f3n Mundial de Boxeo dio a conocer el nombre de los oficiales que trabajar\u00e1n en la pelea de t\u00edtulo supergallo, entre el campe\u00f3n venezolano radicado en Panam\u00e1 Nehomar Cerme\u00f1o y el tailand\u00e9s Anurak Thisa, de 17 victorias en condici\u00f3n de invicto con 5 ganadas por K.O., que se desarrollar\u00e1 este s\u00e1bado 30 de septiembre en Wenzhou, China. <\/p>\n<p>El tercer hombre sobre el entarimado ser\u00e1 el estadounidense Tony Weeks. Mientras que Gustavo Padilla, de Panam\u00e1, Takeshi Shimakawa, de Jap\u00f3n y Ra\u00fal Caiz Jr., de Estados Unidos ser\u00e1n los encargados de llevar las tarjetas de la contiendan. <\/p>\n<p>Por su parte, la peruana y ex campeona mundial, Kina Malpartida supervisar\u00e1 el careo. <\/p>\n<p>Esta ser\u00e1 la primera defensa mundialista que realice Cerme\u00f1o, quien tiene r\u00e9cord de 25 victorias, 5 derrotas, un empate y 14 nocauts. Mientas que Thisa afrontar\u00e1 su primer careo titular. <\/p>\n<p>\u00a0 <\/p>\n","protected":false},"excerpt":{"rendered":"<p>La Asociaci\u00f3n Mundial de Boxeo dio a conocer el nombre <a href=\"https:\/\/sertv.gob.pa\/nacionalfm\/gustavo-padilla-sera-juez-en-pelea-cermeno-thisa\/\"> [&#8230;]<\/a><\/p>\n","protected":false},"author":1,"featured_media":15924,"comment_status":"closed","ping_status":"closed","sticky":false,"template":"","format":"standard","meta":{"footnotes":""},"categories":[4],"tags":[],"class_list":["post-15923","post","type-post","status-publish","format-standard","has-post-thumbnail","hentry","category-deportes"],"_links":{"self":[{"href":"https:\/\/sertv.gob.pa\/nacionalfm\/wp-json\/wp\/v2\/posts\/15923","targetHints":{"allow":["GET"]}}],"collection":[{"href":"https:\/\/sertv.gob.pa\/nacionalfm\/wp-json\/wp\/v2\/posts"}],"about":[{"href":"https:\/\/sertv.gob.pa\/nacionalfm\/wp-json\/wp\/v2\/types\/post"}],"author":[{"embeddable":true,"href":"https:\/\/sertv.gob.pa\/nacionalfm\/wp-json\/wp\/v2\/users\/1"}],"replies":[{"embeddable":true,"href":"https:\/\/sertv.gob.pa\/nacionalfm\/wp-json\/wp\/v2\/comments?post=15923"}],"version-history":[{"count":0,"href":"https:\/\/sertv.gob.pa\/nacionalfm\/wp-json\/wp\/v2\/posts\/15923\/revisions"}],"wp:featuredmedia":[{"embeddable":true,"href":"https:\/\/sertv.gob.pa\/nacionalfm\/wp-json\/wp\/v2\/media\/15924"}],"wp:attachment":[{"href":"https:\/\/sertv.gob.pa\/nacionalfm\/wp-json\/wp\/v2\/media?parent=15923"}],"wp:term":[{"taxonomy":"category","embeddable":true,"href":"https:\/\/sertv.gob.pa\/nacionalfm\/wp-json\/wp\/v2\/categories?post=15923"},{"taxonomy":"post_tag","embeddable":true,"href":"https:\/\/sertv.gob.pa\/nacionalfm\/wp-json\/wp\/v2\/tags?post=15923"}],"curies":[{"name":"wp","href":"https:\/\/api.w.org\/{rel}","templated":true}]}}