{"id":15943,"date":"2016-09-28T19:05:06","date_gmt":"2016-09-28T19:05:06","guid":{"rendered":""},"modified":"2016-09-28T19:05:06","modified_gmt":"2016-09-28T19:05:06","slug":"hemorragias-cerebrales-mas-profundas-en-hombres-que-en-mujeres","status":"publish","type":"post","link":"https:\/\/sertv.gob.pa\/nacionalfm\/hemorragias-cerebrales-mas-profundas-en-hombres-que-en-mujeres\/","title":{"rendered":"Hemorragias cerebrales m\u00e1s profundas en hombres que en mujeres"},"content":{"rendered":"<p>\nNeur\u00f3logos del Hospital del Mar de Barcelona (noreste de Espa\u00f1a) e investigadores del Instituto Hospital del Mar de Investigaciones M\u00e9dicas (IMIM) han descubierto que los hombres padecen las hemorragias cerebrales 6 a\u00f1os antes y que la localizaci\u00f3n del hematoma es m\u00e1s profundo que en las mujeres. <\/p>\n<p>El estudio, publicado en la revista \u00abNeurology\u00bb, se ha efectuado sobre 515 pacientes con hemorragias intracerebrales primarias, que es el tipo de ictus m\u00e1s grave, con una mortalidad de casi el 50 % de quienes la sufren. <\/p>\n<p>Un estudio que evidencia diferencias asociadas al g\u00e9nero en las hemorragias cerebrales igualmente ha detectado que los hombres padecen con mayor prevalencia que las mujeres otras patolog\u00edas cardiovasculares, como la obstrucci\u00f3n de grandes arterias (enfermedad arterial perif\u00e9rica), o enfermedades coronarias como la cardiopat\u00eda isqu\u00e9mica. <\/p>\n<p>El estudio ha puesto de manifiesto diferencias en la edad de los pacientes que las padecen, en la causa, los factores de riesgo, el manejo cl\u00ednico, la severidad de las hemorragias y la discapacidad producida seg\u00fan se trate de hombres o de mujeres. <\/p>\n<p>\u00a0 <\/p>\n","protected":false},"excerpt":{"rendered":"<p>Neur\u00f3logos del Hospital del Mar de Barcelona (noreste de Espa\u00f1a) <a href=\"https:\/\/sertv.gob.pa\/nacionalfm\/hemorragias-cerebrales-mas-profundas-en-hombres-que-en-mujeres\/\"> [&#8230;]<\/a><\/p>\n","protected":false},"author":1,"featured_media":15944,"comment_status":"closed","ping_status":"closed","sticky":false,"template":"","format":"standard","meta":{"footnotes":""},"categories":[5],"tags":[],"class_list":["post-15943","post","type-post","status-publish","format-standard","has-post-thumbnail","hentry","category-salud"],"_links":{"self":[{"href":"https:\/\/sertv.gob.pa\/nacionalfm\/wp-json\/wp\/v2\/posts\/15943","targetHints":{"allow":["GET"]}}],"collection":[{"href":"https:\/\/sertv.gob.pa\/nacionalfm\/wp-json\/wp\/v2\/posts"}],"about":[{"href":"https:\/\/sertv.gob.pa\/nacionalfm\/wp-json\/wp\/v2\/types\/post"}],"author":[{"embeddable":true,"href":"https:\/\/sertv.gob.pa\/nacionalfm\/wp-json\/wp\/v2\/users\/1"}],"replies":[{"embeddable":true,"href":"https:\/\/sertv.gob.pa\/nacionalfm\/wp-json\/wp\/v2\/comments?post=15943"}],"version-history":[{"count":0,"href":"https:\/\/sertv.gob.pa\/nacionalfm\/wp-json\/wp\/v2\/posts\/15943\/revisions"}],"wp:featuredmedia":[{"embeddable":true,"href":"https:\/\/sertv.gob.pa\/nacionalfm\/wp-json\/wp\/v2\/media\/15944"}],"wp:attachment":[{"href":"https:\/\/sertv.gob.pa\/nacionalfm\/wp-json\/wp\/v2\/media?parent=15943"}],"wp:term":[{"taxonomy":"category","embeddable":true,"href":"https:\/\/sertv.gob.pa\/nacionalfm\/wp-json\/wp\/v2\/categories?post=15943"},{"taxonomy":"post_tag","embeddable":true,"href":"https:\/\/sertv.gob.pa\/nacionalfm\/wp-json\/wp\/v2\/tags?post=15943"}],"curies":[{"name":"wp","href":"https:\/\/api.w.org\/{rel}","templated":true}]}}