{"id":15953,"date":"2016-09-28T21:04:49","date_gmt":"2016-09-28T21:04:49","guid":{"rendered":""},"modified":"2016-09-28T21:04:49","modified_gmt":"2016-09-28T21:04:49","slug":"confirman-pelea-de-gracia-ante-farallon-cortez-en-chiriqui","status":"publish","type":"post","link":"https:\/\/sertv.gob.pa\/nacionalfm\/confirman-pelea-de-gracia-ante-farallon-cortez-en-chiriqui\/","title":{"rendered":"Confirman pelea De Gracia ante \u201cFarall\u00f3n\u201d Cort\u00e9z en Chiriqu\u00ed"},"content":{"rendered":"<p>\nEn conferencia de prensa Rogelio Espinho, presidente de Promociones y Eventos del Istmo anunci\u00f3 su \u00faltima cartelera del a\u00f1o el pr\u00f3ximo 26 de noviembre en el gimnasio &ldquo;La Basita&rdquo;, en David Chiriqu\u00ed, que tiene como pelea estelar la del invicto p\u00fagil chiricano Bryan &ldquo;La Roca&rdquo; De Gracia y el coclesano Gilberto &ldquo;Farall\u00f3n&rdquo; Cort\u00e9z. <\/p>\n<p>En este encuentro se disputar\u00e1n el t\u00edtulo FEDECARIBE de la Asociaci\u00f3n Mundial de Boxeo, pactada a 9 asaltos y 126 libras de peso. <\/p>\n<p>En\u00a0 otros encuentros de la jornada en el choque coestelar se enfrentan el chiricano Daniel &ldquo;Macarr\u00f3n&rdquo; Miranda ante el invicto p\u00fagil sante\u00f1o Galindo C\u00e1rdenas, en 8 asaltos y 130 libras, y para combate femenino se le busca rival a la excampeona boliviana del boxeo ol\u00edmpico Karol Hibbert quien har\u00e1 su debut en el boxeo profesional. <\/p>\n<p>\u00a0 <\/p>\n","protected":false},"excerpt":{"rendered":"<p>En conferencia de prensa Rogelio Espinho, presidente de Promociones y <a href=\"https:\/\/sertv.gob.pa\/nacionalfm\/confirman-pelea-de-gracia-ante-farallon-cortez-en-chiriqui\/\"> [&#8230;]<\/a><\/p>\n","protected":false},"author":1,"featured_media":15954,"comment_status":"closed","ping_status":"closed","sticky":false,"template":"","format":"standard","meta":{"footnotes":""},"categories":[4],"tags":[],"class_list":["post-15953","post","type-post","status-publish","format-standard","has-post-thumbnail","hentry","category-deportes"],"_links":{"self":[{"href":"https:\/\/sertv.gob.pa\/nacionalfm\/wp-json\/wp\/v2\/posts\/15953","targetHints":{"allow":["GET"]}}],"collection":[{"href":"https:\/\/sertv.gob.pa\/nacionalfm\/wp-json\/wp\/v2\/posts"}],"about":[{"href":"https:\/\/sertv.gob.pa\/nacionalfm\/wp-json\/wp\/v2\/types\/post"}],"author":[{"embeddable":true,"href":"https:\/\/sertv.gob.pa\/nacionalfm\/wp-json\/wp\/v2\/users\/1"}],"replies":[{"embeddable":true,"href":"https:\/\/sertv.gob.pa\/nacionalfm\/wp-json\/wp\/v2\/comments?post=15953"}],"version-history":[{"count":0,"href":"https:\/\/sertv.gob.pa\/nacionalfm\/wp-json\/wp\/v2\/posts\/15953\/revisions"}],"wp:featuredmedia":[{"embeddable":true,"href":"https:\/\/sertv.gob.pa\/nacionalfm\/wp-json\/wp\/v2\/media\/15954"}],"wp:attachment":[{"href":"https:\/\/sertv.gob.pa\/nacionalfm\/wp-json\/wp\/v2\/media?parent=15953"}],"wp:term":[{"taxonomy":"category","embeddable":true,"href":"https:\/\/sertv.gob.pa\/nacionalfm\/wp-json\/wp\/v2\/categories?post=15953"},{"taxonomy":"post_tag","embeddable":true,"href":"https:\/\/sertv.gob.pa\/nacionalfm\/wp-json\/wp\/v2\/tags?post=15953"}],"curies":[{"name":"wp","href":"https:\/\/api.w.org\/{rel}","templated":true}]}}