{"id":15971,"date":"2016-09-29T18:45:10","date_gmt":"2016-09-29T18:45:10","guid":{"rendered":""},"modified":"2016-09-29T18:45:10","modified_gmt":"2016-09-29T18:45:10","slug":"casos-de-diarrea-en-colon-se-incrementan","status":"publish","type":"post","link":"https:\/\/sertv.gob.pa\/nacionalfm\/casos-de-diarrea-en-colon-se-incrementan\/","title":{"rendered":"Casos de diarrea en Col\u00f3n se incrementan"},"content":{"rendered":"<p>\nFuncionarios del Ministerio de Salud junto al departamento de Ornato y Aseo de Col\u00f3n efectuaron operativos en quioscos y restaurantes de la ciudad de Col\u00f3n. <\/p>\n<p>Mayra N\u00e1valo, directora regional de Salud en Col\u00f3n,\u00a0 se refiri\u00f3 que en lo que va del a\u00f1o se han registrado 5, 500 casos de diarrea. <\/p>\n<p>Indic\u00f3 que hay una alerta epidemiol\u00f3gica y han comenzado una campa\u00f1a de prevenci\u00f3n e inspecci\u00f3n a locales que manipulan y venden comida. <\/p>\n<p>N\u00e1valo agreg\u00f3 que los casos de diarrea el a\u00f1o pasado 2015 hasta la fecha eran por el orden de 2,500,\u00a0 lo que representa un doble aumento. <\/p>\n<p>Dijo que las estad\u00edsticas muestran que los ni\u00f1os menores de 5 a\u00f1os son los que presentan este virus. <\/p>\n<p>Por su parte, el director de Salud P\u00fablica del Minsa, Marcelino Caballero solicit\u00f3 a la comunidad tomar medidas higi\u00e9nicas como:\u00a0 lavado de\u00a0 las manos y\u00a0 comer alimentos sanos. <\/p>\n<p>Caballero inform\u00f3 que hay acudir al centro de salud m\u00e1s cercano en caso de diarrea constante por la deshidrataci\u00f3n. <\/p>\n<p>\u00a0 <\/p>\n","protected":false},"excerpt":{"rendered":"<p>Funcionarios del Ministerio de Salud junto al departamento de Ornato <a href=\"https:\/\/sertv.gob.pa\/nacionalfm\/casos-de-diarrea-en-colon-se-incrementan\/\"> [&#8230;]<\/a><\/p>\n","protected":false},"author":1,"featured_media":15972,"comment_status":"closed","ping_status":"closed","sticky":false,"template":"","format":"standard","meta":{"footnotes":""},"categories":[5],"tags":[],"class_list":["post-15971","post","type-post","status-publish","format-standard","has-post-thumbnail","hentry","category-salud"],"_links":{"self":[{"href":"https:\/\/sertv.gob.pa\/nacionalfm\/wp-json\/wp\/v2\/posts\/15971","targetHints":{"allow":["GET"]}}],"collection":[{"href":"https:\/\/sertv.gob.pa\/nacionalfm\/wp-json\/wp\/v2\/posts"}],"about":[{"href":"https:\/\/sertv.gob.pa\/nacionalfm\/wp-json\/wp\/v2\/types\/post"}],"author":[{"embeddable":true,"href":"https:\/\/sertv.gob.pa\/nacionalfm\/wp-json\/wp\/v2\/users\/1"}],"replies":[{"embeddable":true,"href":"https:\/\/sertv.gob.pa\/nacionalfm\/wp-json\/wp\/v2\/comments?post=15971"}],"version-history":[{"count":0,"href":"https:\/\/sertv.gob.pa\/nacionalfm\/wp-json\/wp\/v2\/posts\/15971\/revisions"}],"wp:featuredmedia":[{"embeddable":true,"href":"https:\/\/sertv.gob.pa\/nacionalfm\/wp-json\/wp\/v2\/media\/15972"}],"wp:attachment":[{"href":"https:\/\/sertv.gob.pa\/nacionalfm\/wp-json\/wp\/v2\/media?parent=15971"}],"wp:term":[{"taxonomy":"category","embeddable":true,"href":"https:\/\/sertv.gob.pa\/nacionalfm\/wp-json\/wp\/v2\/categories?post=15971"},{"taxonomy":"post_tag","embeddable":true,"href":"https:\/\/sertv.gob.pa\/nacionalfm\/wp-json\/wp\/v2\/tags?post=15971"}],"curies":[{"name":"wp","href":"https:\/\/api.w.org\/{rel}","templated":true}]}}