{"id":15973,"date":"2016-09-29T18:46:20","date_gmt":"2016-09-29T18:46:20","guid":{"rendered":""},"modified":"2016-09-29T18:46:20","modified_gmt":"2016-09-29T18:46:20","slug":"proxima-semana-reanudara-cirugias-ambulatorias-en-el-hep","status":"publish","type":"post","link":"https:\/\/sertv.gob.pa\/nacionalfm\/proxima-semana-reanudara-cirugias-ambulatorias-en-el-hep\/","title":{"rendered":"Pr\u00f3xima semana reanudar\u00e1 cirug\u00edas ambulatorias en el HEP"},"content":{"rendered":"<p>\nLa direcci\u00f3n m\u00e9dica del  Hospital de Especialidades Pedi\u00e1tricas (HEP)  de la  Caja de Seguro Social (CSS)  informa que las cirug\u00edas ambulatorias se reanudar\u00e1n la pr\u00f3xima semana. <\/p>\n<p>Las autoridades de la instalaci\u00f3n hospitalaria informan que quienes tengan previa cita, deber\u00e1n asistir para su\u00a0evaluaci\u00f3n de anestesia el lunes 3 de octubre. <\/p>\n<p>Las cirug\u00edas ambulatorias se retomar\u00e1n\u00a0desde el pr\u00f3ximo martes 4 de octubre, tras ser suspendidas temporalmente el pasado 13 de septiembre por la aparici\u00f3n del  virus sincicial . <\/p>\n<p>\u00a0 <\/p>\n","protected":false},"excerpt":{"rendered":"<p>La direcci\u00f3n m\u00e9dica del Hospital de Especialidades Pedi\u00e1tricas (HEP) de <a href=\"https:\/\/sertv.gob.pa\/nacionalfm\/proxima-semana-reanudara-cirugias-ambulatorias-en-el-hep\/\"> [&#8230;]<\/a><\/p>\n","protected":false},"author":1,"featured_media":15974,"comment_status":"closed","ping_status":"closed","sticky":false,"template":"","format":"standard","meta":{"footnotes":""},"categories":[5],"tags":[],"class_list":["post-15973","post","type-post","status-publish","format-standard","has-post-thumbnail","hentry","category-salud"],"_links":{"self":[{"href":"https:\/\/sertv.gob.pa\/nacionalfm\/wp-json\/wp\/v2\/posts\/15973","targetHints":{"allow":["GET"]}}],"collection":[{"href":"https:\/\/sertv.gob.pa\/nacionalfm\/wp-json\/wp\/v2\/posts"}],"about":[{"href":"https:\/\/sertv.gob.pa\/nacionalfm\/wp-json\/wp\/v2\/types\/post"}],"author":[{"embeddable":true,"href":"https:\/\/sertv.gob.pa\/nacionalfm\/wp-json\/wp\/v2\/users\/1"}],"replies":[{"embeddable":true,"href":"https:\/\/sertv.gob.pa\/nacionalfm\/wp-json\/wp\/v2\/comments?post=15973"}],"version-history":[{"count":0,"href":"https:\/\/sertv.gob.pa\/nacionalfm\/wp-json\/wp\/v2\/posts\/15973\/revisions"}],"wp:featuredmedia":[{"embeddable":true,"href":"https:\/\/sertv.gob.pa\/nacionalfm\/wp-json\/wp\/v2\/media\/15974"}],"wp:attachment":[{"href":"https:\/\/sertv.gob.pa\/nacionalfm\/wp-json\/wp\/v2\/media?parent=15973"}],"wp:term":[{"taxonomy":"category","embeddable":true,"href":"https:\/\/sertv.gob.pa\/nacionalfm\/wp-json\/wp\/v2\/categories?post=15973"},{"taxonomy":"post_tag","embeddable":true,"href":"https:\/\/sertv.gob.pa\/nacionalfm\/wp-json\/wp\/v2\/tags?post=15973"}],"curies":[{"name":"wp","href":"https:\/\/api.w.org\/{rel}","templated":true}]}}