{"id":15995,"date":"2016-09-30T16:31:31","date_gmt":"2016-09-30T16:31:31","guid":{"rendered":""},"modified":"2016-09-30T16:31:31","modified_gmt":"2016-09-30T16:31:31","slug":"en-el-muquita-sanchez-el-atletico-nacional-ante-el-san-francisco","status":"publish","type":"post","link":"https:\/\/sertv.gob.pa\/nacionalfm\/en-el-muquita-sanchez-el-atletico-nacional-ante-el-san-francisco\/","title":{"rendered":"En \u201cEl Muquita\u201d S\u00e1nchez el Atl\u00e9tico Nacional ante El San Francisco"},"content":{"rendered":"<p>\nEn el remozado estadio Agust\u00edn &ldquo;Muquita&rdquo; S\u00e1nchez de la Chorrera, el San Francisco tiene la oportunidad de conseguir su primera victoria del Torneo de la Liga Paname\u00f1a de F\u00fatbol, en su partido ante el Atl\u00e9tico Nacional. <\/p>\n<p>El San Francisco FC tiene una segunda oportunidad para conseguir su primer triunfo del torneo en el remozado estadio Agust\u00edn &#8216;Muquita&#8217; S\u00e1nchez de La Chorrera. <\/p>\n<p>El equipo de los Linces igual que los Monjes, no est\u00e1n pasando su mejor momento, al haber perdido sus \u00faltimos partidos y llegando a la fecha 12, como pen\u00faltimos de la clasificaci\u00f3n con solo 7 puntos conseguidos. <\/p>\n<p>El conjunto dirigido por Mike Stump es el s\u00e9ptimo de la tabla con 12 puntos y buscar\u00e1 volver a la victoria ante unos linces a los que ya derrotaron en la primera vuelta del campeonato por marcador de 0-1 con un gol de Yairo Yau. <\/p>\n<p>Para este partido los monjes llegan con las bajas por sanci\u00f3n de Miguel Duque, Eric V\u00e1squez y el juvenil Jiovany Ramos, mientras que los linces llegan al partido con su plantilla al completo. <\/p>\n","protected":false},"excerpt":{"rendered":"<p>En el remozado estadio Agust\u00edn &ldquo;Muquita&rdquo; S\u00e1nchez de la Chorrera, <a href=\"https:\/\/sertv.gob.pa\/nacionalfm\/en-el-muquita-sanchez-el-atletico-nacional-ante-el-san-francisco\/\"> [&#8230;]<\/a><\/p>\n","protected":false},"author":1,"featured_media":15996,"comment_status":"closed","ping_status":"closed","sticky":false,"template":"","format":"standard","meta":{"footnotes":""},"categories":[4],"tags":[],"class_list":["post-15995","post","type-post","status-publish","format-standard","has-post-thumbnail","hentry","category-deportes"],"_links":{"self":[{"href":"https:\/\/sertv.gob.pa\/nacionalfm\/wp-json\/wp\/v2\/posts\/15995","targetHints":{"allow":["GET"]}}],"collection":[{"href":"https:\/\/sertv.gob.pa\/nacionalfm\/wp-json\/wp\/v2\/posts"}],"about":[{"href":"https:\/\/sertv.gob.pa\/nacionalfm\/wp-json\/wp\/v2\/types\/post"}],"author":[{"embeddable":true,"href":"https:\/\/sertv.gob.pa\/nacionalfm\/wp-json\/wp\/v2\/users\/1"}],"replies":[{"embeddable":true,"href":"https:\/\/sertv.gob.pa\/nacionalfm\/wp-json\/wp\/v2\/comments?post=15995"}],"version-history":[{"count":0,"href":"https:\/\/sertv.gob.pa\/nacionalfm\/wp-json\/wp\/v2\/posts\/15995\/revisions"}],"wp:featuredmedia":[{"embeddable":true,"href":"https:\/\/sertv.gob.pa\/nacionalfm\/wp-json\/wp\/v2\/media\/15996"}],"wp:attachment":[{"href":"https:\/\/sertv.gob.pa\/nacionalfm\/wp-json\/wp\/v2\/media?parent=15995"}],"wp:term":[{"taxonomy":"category","embeddable":true,"href":"https:\/\/sertv.gob.pa\/nacionalfm\/wp-json\/wp\/v2\/categories?post=15995"},{"taxonomy":"post_tag","embeddable":true,"href":"https:\/\/sertv.gob.pa\/nacionalfm\/wp-json\/wp\/v2\/tags?post=15995"}],"curies":[{"name":"wp","href":"https:\/\/api.w.org\/{rel}","templated":true}]}}