{"id":1600,"date":"2014-09-17T05:00:00","date_gmt":"2014-09-17T05:00:00","guid":{"rendered":""},"modified":"2014-09-17T05:00:00","modified_gmt":"2014-09-17T05:00:00","slug":"guinea-desaparecen-6-miembros-de-equipo-medico-que-combate-al-ebola","status":"publish","type":"post","link":"https:\/\/sertv.gob.pa\/nacionalfm\/guinea-desaparecen-6-miembros-de-equipo-medico-que-combate-al-ebola\/","title":{"rendered":"Guinea: desaparecen 6 miembros de equipo m\u00e9dico que combate al \u00e9bola"},"content":{"rendered":"<p>\nSeis trabajadores sanitarios que tratan de combatir al \u00e9bola est\u00e1n desaparecidos desde que fueron atacados el martes. <\/p>\n<p>Residentes de la zona lanzaron piedras contra los trabajadores que intentan concienciar a la poblaci\u00f3n sobre el peligro de la enfermedad en la localidad de Wamey, cerca de la ciudad sure\u00f1a de Nzerekore. <\/p>\n<p>Los corresponsales informan que ha habido muchos incidentes con gente que niega la existencia del \u00e9bola. <\/p>\n<p>La presidenta de Liberia, Ellen Johnson Sirleaf, recibi\u00f3 con satisfacci\u00f3n la decisi\u00f3n de Estados Unidos de enviar fuerzas a la regi\u00f3n. <\/p>\n<p>El Banco Mundial alert\u00f3 que la epidemia puede ser un desastre para las econom\u00edas de \u00c1frica occidental.\u00a0 @nacionalFm <\/p>\n","protected":false},"excerpt":{"rendered":"<p>Seis trabajadores sanitarios que tratan de combatir al \u00e9bola est\u00e1n <a href=\"https:\/\/sertv.gob.pa\/nacionalfm\/guinea-desaparecen-6-miembros-de-equipo-medico-que-combate-al-ebola\/\"> [&#8230;]<\/a><\/p>\n","protected":false},"author":1,"featured_media":1601,"comment_status":"closed","ping_status":"closed","sticky":false,"template":"","format":"standard","meta":{"footnotes":""},"categories":[5],"tags":[],"class_list":["post-1600","post","type-post","status-publish","format-standard","has-post-thumbnail","hentry","category-salud"],"_links":{"self":[{"href":"https:\/\/sertv.gob.pa\/nacionalfm\/wp-json\/wp\/v2\/posts\/1600","targetHints":{"allow":["GET"]}}],"collection":[{"href":"https:\/\/sertv.gob.pa\/nacionalfm\/wp-json\/wp\/v2\/posts"}],"about":[{"href":"https:\/\/sertv.gob.pa\/nacionalfm\/wp-json\/wp\/v2\/types\/post"}],"author":[{"embeddable":true,"href":"https:\/\/sertv.gob.pa\/nacionalfm\/wp-json\/wp\/v2\/users\/1"}],"replies":[{"embeddable":true,"href":"https:\/\/sertv.gob.pa\/nacionalfm\/wp-json\/wp\/v2\/comments?post=1600"}],"version-history":[{"count":0,"href":"https:\/\/sertv.gob.pa\/nacionalfm\/wp-json\/wp\/v2\/posts\/1600\/revisions"}],"wp:featuredmedia":[{"embeddable":true,"href":"https:\/\/sertv.gob.pa\/nacionalfm\/wp-json\/wp\/v2\/media\/1601"}],"wp:attachment":[{"href":"https:\/\/sertv.gob.pa\/nacionalfm\/wp-json\/wp\/v2\/media?parent=1600"}],"wp:term":[{"taxonomy":"category","embeddable":true,"href":"https:\/\/sertv.gob.pa\/nacionalfm\/wp-json\/wp\/v2\/categories?post=1600"},{"taxonomy":"post_tag","embeddable":true,"href":"https:\/\/sertv.gob.pa\/nacionalfm\/wp-json\/wp\/v2\/tags?post=1600"}],"curies":[{"name":"wp","href":"https:\/\/api.w.org\/{rel}","templated":true}]}}