{"id":16007,"date":"2016-09-30T21:07:57","date_gmt":"2016-09-30T21:07:57","guid":{"rendered":""},"modified":"2016-09-30T21:07:57","modified_gmt":"2016-09-30T21:07:57","slug":"nehomar-cermeno-firma-combate-de-revancha-con-xiaojun-qiu","status":"publish","type":"post","link":"https:\/\/sertv.gob.pa\/nacionalfm\/nehomar-cermeno-firma-combate-de-revancha-con-xiaojun-qiu\/","title":{"rendered":"Nehomar Cerme\u00f1o firma combate de revancha con XiaoJun Qiu"},"content":{"rendered":"<p>\nLuego de haber ganado sus respectivos encuentros el campe\u00f3n supergallo de la Asociaci\u00f3n Mundial de Boxeo el venezolano radicado en Panam\u00e1, y el chino XiaoJun Qiu, sus apoderados firmaron el combate de revancha para el pr\u00f3ximo 17 de diciembre. <\/p>\n<p>Nehomar Cerme\u00f1o de 25 victorias, 5 derrotas y un empate venci\u00f3 en defensa de su t\u00edtulo al tailand\u00e9s Anurak Thisa por K.O. en tres asaltos y el chino XiaoJun Qiu de 21 victorias, 3 derrotas y 9 K.O, al filipino Robert Udtohan en el mismo asalto. <\/p>\n","protected":false},"excerpt":{"rendered":"<p>Luego de haber ganado sus respectivos encuentros el campe\u00f3n supergallo <a href=\"https:\/\/sertv.gob.pa\/nacionalfm\/nehomar-cermeno-firma-combate-de-revancha-con-xiaojun-qiu\/\"> [&#8230;]<\/a><\/p>\n","protected":false},"author":1,"featured_media":16008,"comment_status":"closed","ping_status":"closed","sticky":false,"template":"","format":"standard","meta":{"footnotes":""},"categories":[4],"tags":[],"class_list":["post-16007","post","type-post","status-publish","format-standard","has-post-thumbnail","hentry","category-deportes"],"_links":{"self":[{"href":"https:\/\/sertv.gob.pa\/nacionalfm\/wp-json\/wp\/v2\/posts\/16007","targetHints":{"allow":["GET"]}}],"collection":[{"href":"https:\/\/sertv.gob.pa\/nacionalfm\/wp-json\/wp\/v2\/posts"}],"about":[{"href":"https:\/\/sertv.gob.pa\/nacionalfm\/wp-json\/wp\/v2\/types\/post"}],"author":[{"embeddable":true,"href":"https:\/\/sertv.gob.pa\/nacionalfm\/wp-json\/wp\/v2\/users\/1"}],"replies":[{"embeddable":true,"href":"https:\/\/sertv.gob.pa\/nacionalfm\/wp-json\/wp\/v2\/comments?post=16007"}],"version-history":[{"count":0,"href":"https:\/\/sertv.gob.pa\/nacionalfm\/wp-json\/wp\/v2\/posts\/16007\/revisions"}],"wp:featuredmedia":[{"embeddable":true,"href":"https:\/\/sertv.gob.pa\/nacionalfm\/wp-json\/wp\/v2\/media\/16008"}],"wp:attachment":[{"href":"https:\/\/sertv.gob.pa\/nacionalfm\/wp-json\/wp\/v2\/media?parent=16007"}],"wp:term":[{"taxonomy":"category","embeddable":true,"href":"https:\/\/sertv.gob.pa\/nacionalfm\/wp-json\/wp\/v2\/categories?post=16007"},{"taxonomy":"post_tag","embeddable":true,"href":"https:\/\/sertv.gob.pa\/nacionalfm\/wp-json\/wp\/v2\/tags?post=16007"}],"curies":[{"name":"wp","href":"https:\/\/api.w.org\/{rel}","templated":true}]}}