{"id":16027,"date":"2016-10-03T15:08:58","date_gmt":"2016-10-03T15:08:58","guid":{"rendered":""},"modified":"2016-10-03T15:08:58","modified_gmt":"2016-10-03T15:08:58","slug":"ante-7-mil-fanaticos-empatan-el-tauro-y-el-plaza-amador","status":"publish","type":"post","link":"https:\/\/sertv.gob.pa\/nacionalfm\/ante-7-mil-fanaticos-empatan-el-tauro-y-el-plaza-amador\/","title":{"rendered":"Ante 7 mil fan\u00e1ticos empatan el Tauro y el Plaza Amador"},"content":{"rendered":"<p>\nAnte m\u00e1s de 7 mil fan\u00e1ticos el Tauro y el Plaza Amador empataron sin goles el pasado s\u00e1bado en el estadio Rommel Fern\u00e1ndez Guti\u00e9rrez en otra edici\u00f3n del Cl\u00e1sico Nacional. <\/p>\n<p>El volante colombiano Carlos Sierra fue quien tuvo la ocasi\u00f3n m\u00e1s clara del partido al rematar un centro que vino por banda derecha, pero, muy atento estuvo el cancerbero Hughes para atajar el bal\u00f3n con su brazo izquierdo. A partir de ah\u00ed, no se vieron m\u00e1s ocasiones de gol claras en el primer tiempo y terminaron por irse al descanso con el empate a cero. <\/p>\n<p>En la segunda mitad, el Tauro FC tuvo m\u00e1s la posesi\u00f3n de la pelota pero no fue capaz de vulnerar un conjunto placino que estuvo muy ordenado durante todo el encuentro y que tras el partido de entre semana ante Tigres, dio la impresi\u00f3n que se conformaba con el empate de visitante. <\/p>\n<p>Al final, el empate sin goles dej\u00f3 al Tauro FC como l\u00edder absoluto del torneo con 23 puntos, mientras que el CD Plaza Amador se mantiene como el \u00fanico invicto del campeonato con 22 puntos en la clasificaci\u00f3n general y segundos en la tabla con 22 unidades. <\/p>\n<p>\u00a0 <\/p>\n","protected":false},"excerpt":{"rendered":"<p>Ante m\u00e1s de 7 mil fan\u00e1ticos el Tauro y el <a href=\"https:\/\/sertv.gob.pa\/nacionalfm\/ante-7-mil-fanaticos-empatan-el-tauro-y-el-plaza-amador\/\"> [&#8230;]<\/a><\/p>\n","protected":false},"author":1,"featured_media":16028,"comment_status":"closed","ping_status":"closed","sticky":false,"template":"","format":"standard","meta":{"footnotes":""},"categories":[4],"tags":[],"class_list":["post-16027","post","type-post","status-publish","format-standard","has-post-thumbnail","hentry","category-deportes"],"_links":{"self":[{"href":"https:\/\/sertv.gob.pa\/nacionalfm\/wp-json\/wp\/v2\/posts\/16027","targetHints":{"allow":["GET"]}}],"collection":[{"href":"https:\/\/sertv.gob.pa\/nacionalfm\/wp-json\/wp\/v2\/posts"}],"about":[{"href":"https:\/\/sertv.gob.pa\/nacionalfm\/wp-json\/wp\/v2\/types\/post"}],"author":[{"embeddable":true,"href":"https:\/\/sertv.gob.pa\/nacionalfm\/wp-json\/wp\/v2\/users\/1"}],"replies":[{"embeddable":true,"href":"https:\/\/sertv.gob.pa\/nacionalfm\/wp-json\/wp\/v2\/comments?post=16027"}],"version-history":[{"count":0,"href":"https:\/\/sertv.gob.pa\/nacionalfm\/wp-json\/wp\/v2\/posts\/16027\/revisions"}],"wp:featuredmedia":[{"embeddable":true,"href":"https:\/\/sertv.gob.pa\/nacionalfm\/wp-json\/wp\/v2\/media\/16028"}],"wp:attachment":[{"href":"https:\/\/sertv.gob.pa\/nacionalfm\/wp-json\/wp\/v2\/media?parent=16027"}],"wp:term":[{"taxonomy":"category","embeddable":true,"href":"https:\/\/sertv.gob.pa\/nacionalfm\/wp-json\/wp\/v2\/categories?post=16027"},{"taxonomy":"post_tag","embeddable":true,"href":"https:\/\/sertv.gob.pa\/nacionalfm\/wp-json\/wp\/v2\/tags?post=16027"}],"curies":[{"name":"wp","href":"https:\/\/api.w.org\/{rel}","templated":true}]}}