{"id":16029,"date":"2016-10-03T15:32:01","date_gmt":"2016-10-03T15:32:01","guid":{"rendered":""},"modified":"2016-10-03T15:32:01","modified_gmt":"2016-10-03T15:32:01","slug":"cartelera-reto-de-valientes-dedicada-a-emma-de-urrunaga","status":"publish","type":"post","link":"https:\/\/sertv.gob.pa\/nacionalfm\/cartelera-reto-de-valientes-dedicada-a-emma-de-urrunaga\/","title":{"rendered":"Cartelera \u201cReto de Valientes\u201d dedicada a Emma de Urrunaga"},"content":{"rendered":"<p>\nLa cartelera box\u00edstica &ldquo;Reto de Valientes&rdquo; del 13 de octubre que presenta Promociones y Eventos del Istmo ser\u00e1 dedicado a Do\u00f1a Emma de Urrungaga, la primera mujer paname\u00f1a y del mundo en ser jueza de boxeo, en un combate de campeonato mundial. <\/p>\n<p>Do\u00f1a Emma, quien es oriunda del corregimiento de Volc\u00e1n, provincia de Chiriqu\u00ed, recuerda que desde ni\u00f1a este deporte le apasion\u00f3. A sus 15 a\u00f1os se alej\u00f3 \u00a0de su tierra natal para vivir en la ciudad capital y asegura que siempre que sal\u00eda de la escuela le encantaba asistir al Gimnasio Neco de la Guardia a ver las pr\u00e1cticas de los boxeadores y se inici\u00f3 como jueza amateur a los 21 a\u00f1os, donde pudo trabajar en 120 combates y un a\u00f1o despu\u00e9s, el 2 de junio de 1973 realiz\u00f3 su gran debut como jueza profesional, en la Segunda Defensa del T\u00edtulo Ligero de la Asociaci\u00f3n Mundial de Boxeo (AMB) de Roberto &ldquo;Mano de Piedra&rdquo; Dur\u00e1n contra el australiano H\u00e9ctor Thompson. Una larga trayectoria de m\u00e1s de 30 a\u00f1os como jueza de boxeo, donde particip\u00f3 en 27 combates de campeonato mundial <\/p>\n<p>La velada &ldquo;Reto de Valientes&rdquo; tiene como combate estelar el choque entre la ascendente estrella del boxeo nacional Jaime Arboleda ante el colombiano Eder Espitia y ser\u00e1 realizado en el Centro de Convenciones Vasco N\u00fa\u00f1ez de Balboa del hotel El Panam\u00e1. <\/p>\n<p>\u00a0 <\/p>\n","protected":false},"excerpt":{"rendered":"<p>La cartelera box\u00edstica &ldquo;Reto de Valientes&rdquo; del 13 de octubre <a href=\"https:\/\/sertv.gob.pa\/nacionalfm\/cartelera-reto-de-valientes-dedicada-a-emma-de-urrunaga\/\"> [&#8230;]<\/a><\/p>\n","protected":false},"author":1,"featured_media":16030,"comment_status":"closed","ping_status":"closed","sticky":false,"template":"","format":"standard","meta":{"footnotes":""},"categories":[4],"tags":[],"class_list":["post-16029","post","type-post","status-publish","format-standard","has-post-thumbnail","hentry","category-deportes"],"_links":{"self":[{"href":"https:\/\/sertv.gob.pa\/nacionalfm\/wp-json\/wp\/v2\/posts\/16029","targetHints":{"allow":["GET"]}}],"collection":[{"href":"https:\/\/sertv.gob.pa\/nacionalfm\/wp-json\/wp\/v2\/posts"}],"about":[{"href":"https:\/\/sertv.gob.pa\/nacionalfm\/wp-json\/wp\/v2\/types\/post"}],"author":[{"embeddable":true,"href":"https:\/\/sertv.gob.pa\/nacionalfm\/wp-json\/wp\/v2\/users\/1"}],"replies":[{"embeddable":true,"href":"https:\/\/sertv.gob.pa\/nacionalfm\/wp-json\/wp\/v2\/comments?post=16029"}],"version-history":[{"count":0,"href":"https:\/\/sertv.gob.pa\/nacionalfm\/wp-json\/wp\/v2\/posts\/16029\/revisions"}],"wp:featuredmedia":[{"embeddable":true,"href":"https:\/\/sertv.gob.pa\/nacionalfm\/wp-json\/wp\/v2\/media\/16030"}],"wp:attachment":[{"href":"https:\/\/sertv.gob.pa\/nacionalfm\/wp-json\/wp\/v2\/media?parent=16029"}],"wp:term":[{"taxonomy":"category","embeddable":true,"href":"https:\/\/sertv.gob.pa\/nacionalfm\/wp-json\/wp\/v2\/categories?post=16029"},{"taxonomy":"post_tag","embeddable":true,"href":"https:\/\/sertv.gob.pa\/nacionalfm\/wp-json\/wp\/v2\/tags?post=16029"}],"curies":[{"name":"wp","href":"https:\/\/api.w.org\/{rel}","templated":true}]}}