{"id":16043,"date":"2016-10-03T18:04:36","date_gmt":"2016-10-03T18:04:36","guid":{"rendered":""},"modified":"2016-10-03T18:04:36","modified_gmt":"2016-10-03T18:04:36","slug":"en-embarazos-adolescentes-el-primer-lugar-lo-ocupa-mexico","status":"publish","type":"post","link":"https:\/\/sertv.gob.pa\/nacionalfm\/en-embarazos-adolescentes-el-primer-lugar-lo-ocupa-mexico\/","title":{"rendered":"En embarazos adolescentes el primer lugar lo ocupa M\u00e9xico"},"content":{"rendered":"<p>\nM\u00e9xico ocupa el primer lugar en la incidencia de embarazos adolescentes entre los pa\u00edses miembros de la Organizaci\u00f3n para la Cooperaci\u00f3n y el Desarrollo Econ\u00f3micos (OCDE), mencionaron especialistas de la Facultad de Medicina de la Universidad Nacional Aut\u00f3noma de M\u00e9xico (UNAM). <\/p>\n<p>En el marco de la conmemoraci\u00f3n del D\u00eda Mundial para la Prevenci\u00f3n del Embarazo no Planificado en Adolescentes, el director de esa entidad universitaria, Germ\u00e1n Fajardo Dolci, mencion\u00f3 que de los dos millones de nacimientos al a\u00f1o que se registran en M\u00e9xico, la quinta parte, cerca de 400 mil, son de mujeres menores de 19 a\u00f1os. En el mundo anualmente se presentan 16 millones de embarazos no deseados. <\/p>\n<p>&lsquo;El embarazo adolescente es un problema de salud p\u00fablica de graves consecuencias, ya que trae consigo conflictos familiares, escolares y personales: afecta el proyecto de vida de las j\u00f3venes&#8217;, expresa Fajardo Dolci. <\/p>\n<p>Asimismo, afirm\u00f3 que esto no puede seguir sucediendo. &lsquo;Debemos trabajar juntos: familia, universidades, organizaciones no gubernamentales e instituciones de salud; hacer conciencia y tomar acciones tan importantes como el Programa de Prevenci\u00f3n de Embarazo Adolescente, que es una propuesta de la Facultad de Medicina&#8217;. <\/p>\n<p>\u00a0 <\/p>\n","protected":false},"excerpt":{"rendered":"<p>M\u00e9xico ocupa el primer lugar en la incidencia de embarazos <a href=\"https:\/\/sertv.gob.pa\/nacionalfm\/en-embarazos-adolescentes-el-primer-lugar-lo-ocupa-mexico\/\"> [&#8230;]<\/a><\/p>\n","protected":false},"author":1,"featured_media":16044,"comment_status":"closed","ping_status":"closed","sticky":false,"template":"","format":"standard","meta":{"footnotes":""},"categories":[5],"tags":[],"class_list":["post-16043","post","type-post","status-publish","format-standard","has-post-thumbnail","hentry","category-salud"],"_links":{"self":[{"href":"https:\/\/sertv.gob.pa\/nacionalfm\/wp-json\/wp\/v2\/posts\/16043","targetHints":{"allow":["GET"]}}],"collection":[{"href":"https:\/\/sertv.gob.pa\/nacionalfm\/wp-json\/wp\/v2\/posts"}],"about":[{"href":"https:\/\/sertv.gob.pa\/nacionalfm\/wp-json\/wp\/v2\/types\/post"}],"author":[{"embeddable":true,"href":"https:\/\/sertv.gob.pa\/nacionalfm\/wp-json\/wp\/v2\/users\/1"}],"replies":[{"embeddable":true,"href":"https:\/\/sertv.gob.pa\/nacionalfm\/wp-json\/wp\/v2\/comments?post=16043"}],"version-history":[{"count":0,"href":"https:\/\/sertv.gob.pa\/nacionalfm\/wp-json\/wp\/v2\/posts\/16043\/revisions"}],"wp:featuredmedia":[{"embeddable":true,"href":"https:\/\/sertv.gob.pa\/nacionalfm\/wp-json\/wp\/v2\/media\/16044"}],"wp:attachment":[{"href":"https:\/\/sertv.gob.pa\/nacionalfm\/wp-json\/wp\/v2\/media?parent=16043"}],"wp:term":[{"taxonomy":"category","embeddable":true,"href":"https:\/\/sertv.gob.pa\/nacionalfm\/wp-json\/wp\/v2\/categories?post=16043"},{"taxonomy":"post_tag","embeddable":true,"href":"https:\/\/sertv.gob.pa\/nacionalfm\/wp-json\/wp\/v2\/tags?post=16043"}],"curies":[{"name":"wp","href":"https:\/\/api.w.org\/{rel}","templated":true}]}}