{"id":16047,"date":"2016-10-03T18:38:13","date_gmt":"2016-10-03T18:38:13","guid":{"rendered":""},"modified":"2016-10-03T18:38:13","modified_gmt":"2016-10-03T18:38:13","slug":"oms-se-preocupa-por-discriminacion-a-las-personas-mayores","status":"publish","type":"post","link":"https:\/\/sertv.gob.pa\/nacionalfm\/oms-se-preocupa-por-discriminacion-a-las-personas-mayores\/","title":{"rendered":"OMS se preocupa por discriminaci\u00f3n a las personas mayores"},"content":{"rendered":"<p>\nLa  Organizaci\u00f3n Mundial de la Salud (OMS) \u00a0manifest\u00f3 su preocupaci\u00f3n por la discriminaci\u00f3n hacia la gente mayor luego de un primer sondeo sobre este tema, que muestra que 60% de la poblaci\u00f3n mundial considera que los ancianos no son respetados. <\/p>\n<p>En un informe publicado en su sede de Ginebra, la OMS -agencia de la ONU- se\u00f1ala que unas 83 mil personas de 57 pa\u00edses participaron en la muestra de este sondeo sobre la actitud hacia la gente mayor. <\/p>\n<p>Es en los pa\u00edses de m\u00e1s altos ingresos donde las personas de edad son menos respetadas, seg\u00fan esta encuesta. <\/p>\n<p>El sondeo muestra que \u00abla discriminaci\u00f3n contra la gente mayor es algo muy extendido\u00bb, declar\u00f3 John Beard, director en la OMS encargado de los problemas vinculados con las personas de edad. <\/p>\n<p>\u00abIgual que para el sexismo o el racismo, es posible cambiar las normas sociales, ya es hora de dejar de identificar a la gente en funci\u00f3n de su edad, pues ello conducir\u00e1 a sociedades m\u00e1s pr\u00f3speras, m\u00e1s justas y de mejor salud\u00bb, a\u00f1adi\u00f3. <\/p>\n<p>Las actitudes negativas hacia las personas de edad tienen consecuencias significativas sobre su salud mental y f\u00edsica, agrega la OMS. <\/p>\n<p>Las personas mayores que sienten que son una carga corren el peligro de sufrir depresi\u00f3n y aislamiento, asegura el informe. Las personas con un estado de \u00e1nimo negativo viven en promedio  7.5 a\u00f1os menos  que las personas positivas. <\/p>\n<p>El n\u00famero de gente de 60 y m\u00e1s a\u00f1os se va a duplicar de aqu\u00ed a 2025, y llegar\u00e1 a ser de m\u00e1s de 2 mil millones dentro de 30 a\u00f1os. <\/p>\n<p>\u00a0 <\/p>\n","protected":false},"excerpt":{"rendered":"<p>La Organizaci\u00f3n Mundial de la Salud (OMS) \u00a0manifest\u00f3 su preocupaci\u00f3n <a href=\"https:\/\/sertv.gob.pa\/nacionalfm\/oms-se-preocupa-por-discriminacion-a-las-personas-mayores\/\"> [&#8230;]<\/a><\/p>\n","protected":false},"author":1,"featured_media":16048,"comment_status":"closed","ping_status":"closed","sticky":false,"template":"","format":"standard","meta":{"footnotes":""},"categories":[5],"tags":[],"class_list":["post-16047","post","type-post","status-publish","format-standard","has-post-thumbnail","hentry","category-salud"],"_links":{"self":[{"href":"https:\/\/sertv.gob.pa\/nacionalfm\/wp-json\/wp\/v2\/posts\/16047","targetHints":{"allow":["GET"]}}],"collection":[{"href":"https:\/\/sertv.gob.pa\/nacionalfm\/wp-json\/wp\/v2\/posts"}],"about":[{"href":"https:\/\/sertv.gob.pa\/nacionalfm\/wp-json\/wp\/v2\/types\/post"}],"author":[{"embeddable":true,"href":"https:\/\/sertv.gob.pa\/nacionalfm\/wp-json\/wp\/v2\/users\/1"}],"replies":[{"embeddable":true,"href":"https:\/\/sertv.gob.pa\/nacionalfm\/wp-json\/wp\/v2\/comments?post=16047"}],"version-history":[{"count":0,"href":"https:\/\/sertv.gob.pa\/nacionalfm\/wp-json\/wp\/v2\/posts\/16047\/revisions"}],"wp:featuredmedia":[{"embeddable":true,"href":"https:\/\/sertv.gob.pa\/nacionalfm\/wp-json\/wp\/v2\/media\/16048"}],"wp:attachment":[{"href":"https:\/\/sertv.gob.pa\/nacionalfm\/wp-json\/wp\/v2\/media?parent=16047"}],"wp:term":[{"taxonomy":"category","embeddable":true,"href":"https:\/\/sertv.gob.pa\/nacionalfm\/wp-json\/wp\/v2\/categories?post=16047"},{"taxonomy":"post_tag","embeddable":true,"href":"https:\/\/sertv.gob.pa\/nacionalfm\/wp-json\/wp\/v2\/tags?post=16047"}],"curies":[{"name":"wp","href":"https:\/\/api.w.org\/{rel}","templated":true}]}}