{"id":16063,"date":"2016-10-04T15:15:42","date_gmt":"2016-10-04T15:15:42","guid":{"rendered":""},"modified":"2016-10-04T15:15:42","modified_gmt":"2016-10-04T15:15:42","slug":"jose-el-tigre-forero-combate-en-alemania-en-noviembre","status":"publish","type":"post","link":"https:\/\/sertv.gob.pa\/nacionalfm\/jose-el-tigre-forero-combate-en-alemania-en-noviembre\/","title":{"rendered":"Jos\u00e9 \u201cEl Tigre\u201d Forero combate en Alemania en noviembre"},"content":{"rendered":"<p>\nEl p\u00fagil verag\u00fcense Jos\u00e9 &ldquo;El Tigre&rdquo; Forero tendr\u00e1 acci\u00f3n el pr\u00f3ximo 29 de noviembre en Berl\u00edn, Alemania cuando se enfrente al boxeador Peter Mellar en disputa del t\u00edtulo vacante del Global Boxing Council Internacional de los pesos ligeros. <\/p>\n<p>Forero cuenta con r\u00e9cord de 12 victorias, 5 derrotas y un empate, con 10 ganadas por la v\u00eda r\u00e1pida, su rival Mellar, 4 victorias, 21 derrotas, 2 empates y 3 ganadas por K.O. <\/p>\n<p>El boxeador paname\u00f1o viene de perder sus tres \u00faltimos encuentros ante &ldquo;El Gordo&rdquo; Antonio Fern\u00e1ndez, Johan  V\u00e1squez  y Jaime Arboleda.\u00a0 <\/p>\n","protected":false},"excerpt":{"rendered":"<p>El p\u00fagil verag\u00fcense Jos\u00e9 &ldquo;El Tigre&rdquo; Forero tendr\u00e1 acci\u00f3n el <a href=\"https:\/\/sertv.gob.pa\/nacionalfm\/jose-el-tigre-forero-combate-en-alemania-en-noviembre\/\"> [&#8230;]<\/a><\/p>\n","protected":false},"author":1,"featured_media":16064,"comment_status":"closed","ping_status":"closed","sticky":false,"template":"","format":"standard","meta":{"footnotes":""},"categories":[4],"tags":[],"class_list":["post-16063","post","type-post","status-publish","format-standard","has-post-thumbnail","hentry","category-deportes"],"_links":{"self":[{"href":"https:\/\/sertv.gob.pa\/nacionalfm\/wp-json\/wp\/v2\/posts\/16063","targetHints":{"allow":["GET"]}}],"collection":[{"href":"https:\/\/sertv.gob.pa\/nacionalfm\/wp-json\/wp\/v2\/posts"}],"about":[{"href":"https:\/\/sertv.gob.pa\/nacionalfm\/wp-json\/wp\/v2\/types\/post"}],"author":[{"embeddable":true,"href":"https:\/\/sertv.gob.pa\/nacionalfm\/wp-json\/wp\/v2\/users\/1"}],"replies":[{"embeddable":true,"href":"https:\/\/sertv.gob.pa\/nacionalfm\/wp-json\/wp\/v2\/comments?post=16063"}],"version-history":[{"count":0,"href":"https:\/\/sertv.gob.pa\/nacionalfm\/wp-json\/wp\/v2\/posts\/16063\/revisions"}],"wp:featuredmedia":[{"embeddable":true,"href":"https:\/\/sertv.gob.pa\/nacionalfm\/wp-json\/wp\/v2\/media\/16064"}],"wp:attachment":[{"href":"https:\/\/sertv.gob.pa\/nacionalfm\/wp-json\/wp\/v2\/media?parent=16063"}],"wp:term":[{"taxonomy":"category","embeddable":true,"href":"https:\/\/sertv.gob.pa\/nacionalfm\/wp-json\/wp\/v2\/categories?post=16063"},{"taxonomy":"post_tag","embeddable":true,"href":"https:\/\/sertv.gob.pa\/nacionalfm\/wp-json\/wp\/v2\/tags?post=16063"}],"curies":[{"name":"wp","href":"https:\/\/api.w.org\/{rel}","templated":true}]}}