{"id":16067,"date":"2016-10-04T15:35:07","date_gmt":"2016-10-04T15:35:07","guid":{"rendered":""},"modified":"2016-10-04T15:35:07","modified_gmt":"2016-10-04T15:35:07","slug":"santa-gema-en-racha-sin-derrotas-en-la-lpf","status":"publish","type":"post","link":"https:\/\/sertv.gob.pa\/nacionalfm\/santa-gema-en-racha-sin-derrotas-en-la-lpf\/","title":{"rendered":"Santa Gema en racha sin derrotas en la LPF"},"content":{"rendered":"<p>\nA seis partidos consecutivos de manera invicta complet\u00f3 recientemente el Santa Gema FC al empatar ante el Atl\u00e9tico Verag\u00fcense, en partido transcurrido sin muchos sobresaltos, se crearon pocas ocasiones de gol en los 90 minutos y terminaron por firmar el empate sin goles.\u00a0 <\/p>\n<p>Los de Arraij\u00e1n llegan a la suma de 16 puntos, ubic\u00e1ndose en la sexta posici\u00f3n de la tabla con 16 puntos y no pierden desde que en la jornada seis cayeran derrotados ante el Alianza FC por marcador de 0-1. <\/p>\n<p>Los verag\u00fcenses, por su parte, contin\u00faan sin poder ganar en casa en todo lo que va del torneo, se ubican \u00faltimos de la tabla con tan solo 6 puntos y no ganan un partido desde que en la jornada tres derrotaran precisamente al Santa Gema FC por marcador de 0-1. <\/p>\n<p>\u00a0 <\/p>\n","protected":false},"excerpt":{"rendered":"<p>A seis partidos consecutivos de manera invicta complet\u00f3 recientemente el <a href=\"https:\/\/sertv.gob.pa\/nacionalfm\/santa-gema-en-racha-sin-derrotas-en-la-lpf\/\"> [&#8230;]<\/a><\/p>\n","protected":false},"author":1,"featured_media":16068,"comment_status":"closed","ping_status":"closed","sticky":false,"template":"","format":"standard","meta":{"footnotes":""},"categories":[4],"tags":[],"class_list":["post-16067","post","type-post","status-publish","format-standard","has-post-thumbnail","hentry","category-deportes"],"_links":{"self":[{"href":"https:\/\/sertv.gob.pa\/nacionalfm\/wp-json\/wp\/v2\/posts\/16067","targetHints":{"allow":["GET"]}}],"collection":[{"href":"https:\/\/sertv.gob.pa\/nacionalfm\/wp-json\/wp\/v2\/posts"}],"about":[{"href":"https:\/\/sertv.gob.pa\/nacionalfm\/wp-json\/wp\/v2\/types\/post"}],"author":[{"embeddable":true,"href":"https:\/\/sertv.gob.pa\/nacionalfm\/wp-json\/wp\/v2\/users\/1"}],"replies":[{"embeddable":true,"href":"https:\/\/sertv.gob.pa\/nacionalfm\/wp-json\/wp\/v2\/comments?post=16067"}],"version-history":[{"count":0,"href":"https:\/\/sertv.gob.pa\/nacionalfm\/wp-json\/wp\/v2\/posts\/16067\/revisions"}],"wp:featuredmedia":[{"embeddable":true,"href":"https:\/\/sertv.gob.pa\/nacionalfm\/wp-json\/wp\/v2\/media\/16068"}],"wp:attachment":[{"href":"https:\/\/sertv.gob.pa\/nacionalfm\/wp-json\/wp\/v2\/media?parent=16067"}],"wp:term":[{"taxonomy":"category","embeddable":true,"href":"https:\/\/sertv.gob.pa\/nacionalfm\/wp-json\/wp\/v2\/categories?post=16067"},{"taxonomy":"post_tag","embeddable":true,"href":"https:\/\/sertv.gob.pa\/nacionalfm\/wp-json\/wp\/v2\/tags?post=16067"}],"curies":[{"name":"wp","href":"https:\/\/api.w.org\/{rel}","templated":true}]}}