{"id":16071,"date":"2016-10-04T15:54:56","date_gmt":"2016-10-04T15:54:56","guid":{"rendered":""},"modified":"2016-10-04T15:54:56","modified_gmt":"2016-10-04T15:54:56","slug":"panteras-de-parque-lefevre-en-liderazgo-de-la-lpb","status":"publish","type":"post","link":"https:\/\/sertv.gob.pa\/nacionalfm\/panteras-de-parque-lefevre-en-liderazgo-de-la-lpb\/","title":{"rendered":"Panteras de Parque Lefevre en liderazgo de la LPB"},"content":{"rendered":"<p>\nAl copletar 10 fechas de la Liga Profesional de Baloncesto las Panteras de Parque Lefevre se mantienen l\u00edderes con 7 victorias, 3 perdidas, le siguen los Halcones de Calle P con 6 victorias, 4 derrotas, mientras que en el tercer lugar se ubican los Correcaminos de Col\u00f3n con 6 ganados y 4 perdidos. <\/p>\n<p>En cuarto lugar se encuentran las \u00c1guilas de R\u00edo Abajo con 5-5, Los Caballos de Cocl\u00e9 en quinto lugar con 3 ganados y 7 perdidos, los Toros de Chiriqu\u00ed, igualmente con 3 ganados\u00a0 7 perdidos. <\/p>\n","protected":false},"excerpt":{"rendered":"<p>Al copletar 10 fechas de la Liga Profesional de Baloncesto <a href=\"https:\/\/sertv.gob.pa\/nacionalfm\/panteras-de-parque-lefevre-en-liderazgo-de-la-lpb\/\"> [&#8230;]<\/a><\/p>\n","protected":false},"author":1,"featured_media":16072,"comment_status":"closed","ping_status":"closed","sticky":false,"template":"","format":"standard","meta":{"footnotes":""},"categories":[4],"tags":[],"class_list":["post-16071","post","type-post","status-publish","format-standard","has-post-thumbnail","hentry","category-deportes"],"_links":{"self":[{"href":"https:\/\/sertv.gob.pa\/nacionalfm\/wp-json\/wp\/v2\/posts\/16071","targetHints":{"allow":["GET"]}}],"collection":[{"href":"https:\/\/sertv.gob.pa\/nacionalfm\/wp-json\/wp\/v2\/posts"}],"about":[{"href":"https:\/\/sertv.gob.pa\/nacionalfm\/wp-json\/wp\/v2\/types\/post"}],"author":[{"embeddable":true,"href":"https:\/\/sertv.gob.pa\/nacionalfm\/wp-json\/wp\/v2\/users\/1"}],"replies":[{"embeddable":true,"href":"https:\/\/sertv.gob.pa\/nacionalfm\/wp-json\/wp\/v2\/comments?post=16071"}],"version-history":[{"count":0,"href":"https:\/\/sertv.gob.pa\/nacionalfm\/wp-json\/wp\/v2\/posts\/16071\/revisions"}],"wp:featuredmedia":[{"embeddable":true,"href":"https:\/\/sertv.gob.pa\/nacionalfm\/wp-json\/wp\/v2\/media\/16072"}],"wp:attachment":[{"href":"https:\/\/sertv.gob.pa\/nacionalfm\/wp-json\/wp\/v2\/media?parent=16071"}],"wp:term":[{"taxonomy":"category","embeddable":true,"href":"https:\/\/sertv.gob.pa\/nacionalfm\/wp-json\/wp\/v2\/categories?post=16071"},{"taxonomy":"post_tag","embeddable":true,"href":"https:\/\/sertv.gob.pa\/nacionalfm\/wp-json\/wp\/v2\/tags?post=16071"}],"curies":[{"name":"wp","href":"https:\/\/api.w.org\/{rel}","templated":true}]}}