{"id":16083,"date":"2016-10-04T18:40:30","date_gmt":"2016-10-04T18:40:30","guid":{"rendered":""},"modified":"2016-10-04T18:40:30","modified_gmt":"2016-10-04T18:40:30","slug":"curan-del-sida-a-primer-ser-humano","status":"publish","type":"post","link":"https:\/\/sertv.gob.pa\/nacionalfm\/curan-del-sida-a-primer-ser-humano\/","title":{"rendered":"Curan del sida a primer ser humano"},"content":{"rendered":"<p>\nUn brit\u00e1nico de 44 a\u00f1os y portador del virus de la inmunodeficiencia humana ( VIH ) se ha convertido oficialmente en el primer ser humano al que se ha logrado curar por completo de la enfermedad gracias a una t\u00e9cnica especial para este prop\u00f3sito, informa el diario brit\u00e1nico\u00a0 &#8216;The Times&#8217; . El paciente\u00a0ha sido el primero de un grupo de 50 personas que fueron sometidas a un revolucionario tratamiento dise\u00f1ado por varias universidades del Reino Unido. <\/p>\n<p>Las \u00faltimas pruebas de laboratorio muestran que el virus ya no est\u00e1 presente en la sangre del paciente, aunque los m\u00e9dicos desean mantener la calma y esperar unos meses para declararlo completamente curado de la enfermedad. De esta manera, se descartar\u00eda una eliminaci\u00f3n temporal del virus como causa del tratamiento com\u00fan que lleva a cabo el paciente <\/p>\n<p>El nuevo m\u00e9todo ha sido creado para localizar y destruir el virus en todo el cuerpo, incluyendo las c\u00e9lulas donde el VIH no se halla activo y evade todos los tratamientos conocidos hasta el momento. Se trata de una t\u00e9cnica revolucionaria que ha sido lograda gracias a la estrecha cooperaci\u00f3n de las universidades de Oxford y Cambridge de los londinenses Imperial College, University College y Kings&#8217; College. <\/p>\n<p>Bajo esta nueva estrategia de combate contra el virus, el paciente es inicialmente sometido a una vacuna, con el objetivo de que el sistema inmunol\u00f3gico adquiera la habilidad de detectar las c\u00e9lulas infectadas. Posteriormente, se usa una droga que obliga a las c\u00e9lulas pasivas a producir prote\u00ednas, lo que las convierte en c\u00e9lulas activas. Estas c\u00e9lulas son finalmente localizadas\u00a0y eliminadas por el cuerpo del paciente. <\/p>\n<p>Si esta revolucionaria t\u00e9cnica finalmente se declara exitosa, podr\u00eda cambiar la vida de las cerca de 37 millones de personas infectadas en todo el mundo. Anteriormente, el estadounidense\u00a0 Timothy Ray Brown \u00a0fue considerado como la primera persona curada de la enfermedad, al ser sometido en 2007 a un tratamiento poco convencional de cambio de m\u00e9dula \u00f3sea realizado\u00a0en Alemania. Sin embargo, los m\u00e9dicos atribuyeron esta cura a los efectos de una rara mutaci\u00f3n gen\u00e9tica que no puede ser considerada como la cura a esta enfermedad. <\/p>\n<p>\u00a0 <\/p>\n","protected":false},"excerpt":{"rendered":"<p>Un brit\u00e1nico de 44 a\u00f1os y portador del virus de <a href=\"https:\/\/sertv.gob.pa\/nacionalfm\/curan-del-sida-a-primer-ser-humano\/\"> [&#8230;]<\/a><\/p>\n","protected":false},"author":1,"featured_media":16084,"comment_status":"closed","ping_status":"closed","sticky":false,"template":"","format":"standard","meta":{"footnotes":""},"categories":[5],"tags":[],"class_list":["post-16083","post","type-post","status-publish","format-standard","has-post-thumbnail","hentry","category-salud"],"_links":{"self":[{"href":"https:\/\/sertv.gob.pa\/nacionalfm\/wp-json\/wp\/v2\/posts\/16083","targetHints":{"allow":["GET"]}}],"collection":[{"href":"https:\/\/sertv.gob.pa\/nacionalfm\/wp-json\/wp\/v2\/posts"}],"about":[{"href":"https:\/\/sertv.gob.pa\/nacionalfm\/wp-json\/wp\/v2\/types\/post"}],"author":[{"embeddable":true,"href":"https:\/\/sertv.gob.pa\/nacionalfm\/wp-json\/wp\/v2\/users\/1"}],"replies":[{"embeddable":true,"href":"https:\/\/sertv.gob.pa\/nacionalfm\/wp-json\/wp\/v2\/comments?post=16083"}],"version-history":[{"count":0,"href":"https:\/\/sertv.gob.pa\/nacionalfm\/wp-json\/wp\/v2\/posts\/16083\/revisions"}],"wp:featuredmedia":[{"embeddable":true,"href":"https:\/\/sertv.gob.pa\/nacionalfm\/wp-json\/wp\/v2\/media\/16084"}],"wp:attachment":[{"href":"https:\/\/sertv.gob.pa\/nacionalfm\/wp-json\/wp\/v2\/media?parent=16083"}],"wp:term":[{"taxonomy":"category","embeddable":true,"href":"https:\/\/sertv.gob.pa\/nacionalfm\/wp-json\/wp\/v2\/categories?post=16083"},{"taxonomy":"post_tag","embeddable":true,"href":"https:\/\/sertv.gob.pa\/nacionalfm\/wp-json\/wp\/v2\/tags?post=16083"}],"curies":[{"name":"wp","href":"https:\/\/api.w.org\/{rel}","templated":true}]}}