{"id":16087,"date":"2016-10-04T19:01:32","date_gmt":"2016-10-04T19:01:32","guid":{"rendered":""},"modified":"2016-10-04T19:01:32","modified_gmt":"2016-10-04T19:01:32","slug":"obesidad-puede-provocar-cancer-de-mama-segun-estudio","status":"publish","type":"post","link":"https:\/\/sertv.gob.pa\/nacionalfm\/obesidad-puede-provocar-cancer-de-mama-segun-estudio\/","title":{"rendered":"Obesidad puede provocar c\u00e1ncer de mama, seg\u00fan estudio"},"content":{"rendered":"<p>\nLa obesidad es uno de los factores importantes para el desarrollo del c\u00e1ncer de mama, pero este estudio demuestra por vez primera qu\u00e9 mecanismos moleculares est\u00e1n implicados en el proceso. <\/p>\n<p>&ldquo;El objetivo del trabajo era estudiar si el sobrepeso es capaz de activar los genes relacionados con los procesos tempranos de desarrollo del c\u00e1ncer de mama y hemos visto que s\u00ed&rdquo;, explic\u00f3 la doctora Crujeiras. <\/p>\n<p>Para ello, los investigadores del CIBERobn estudiaron en ratones obesos la expresi\u00f3n de los genes implicados en las rutas que inician el c\u00e1ncer y los compararon con los de ratones delgados y comprobaron que los procesos cancerosos se activaban en los animales obesos. <\/p>\n<p>Pero \u00bfqu\u00e9 factores eran los causantes de activar el c\u00e1ncer? <\/p>\n<p>Los investigadores estudiaron entonces el tejido adiposo, que puede ser visceral (el que rodea y protege a los \u00f3rganos) y subcut\u00e1neo. <\/p>\n<p>&ldquo;Diversos estudios explican que el visceral es el m\u00e1s perjudicial para la\u00a0salud, el m\u00e1s relacionado con enfermedades asociadas con la obesidad como la diabetes o las enfermedades cardiovasculares y quisimos saber si tambi\u00e9n lo estaba con el c\u00e1ncer&rdquo;, precisa Crujeiras. <\/p>\n<p>Ah\u00ed empez\u00f3 la segunda parte del estudio. <\/p>\n<p>Los cient\u00edficos seleccionaron en cultivo los factores secretados por el tejido epitelial adiposo visceral y subcut\u00e1neo y trataron con ellos c\u00e9lulas epiteliales de mama. <\/p>\n<p>&ldquo;Cuando el tejido era visceral obeso, estas c\u00e9lulas proliferaban m\u00e1s, algo que no suced\u00eda cuando tratamos con tejido adiposo subcut\u00e1neo&rdquo;. <\/p>\n<p>Y es que el tejido adiposo visceral tiene una actividad distinta y m\u00e1s perjudicial que la del subcut\u00e1neo &ldquo;porque secreta una serie de factores m\u00e1s da\u00f1inos&rdquo;, explic\u00f3 la investigadora. <\/p>\n<p>El estudio, por tanto, ha observado los cambios moleculares que se producen antes de que se desarrolle un tumor, &ldquo;lo que adem\u00e1s de dar relevancia a la necesidad de prevenir la obesidad, pone de manifiesto que cuanto m\u00e1s se prolongue la obesidad en el tiempo, mayor es el peligro de padecer c\u00e1ncer de mama&rdquo;, advirti\u00f3 Crujeiras. <\/p>\n<p>\u00a0 <\/p>\n","protected":false},"excerpt":{"rendered":"<p>La obesidad es uno de los factores importantes para el <a href=\"https:\/\/sertv.gob.pa\/nacionalfm\/obesidad-puede-provocar-cancer-de-mama-segun-estudio\/\"> [&#8230;]<\/a><\/p>\n","protected":false},"author":1,"featured_media":16088,"comment_status":"closed","ping_status":"closed","sticky":false,"template":"","format":"standard","meta":{"footnotes":""},"categories":[5],"tags":[],"class_list":["post-16087","post","type-post","status-publish","format-standard","has-post-thumbnail","hentry","category-salud"],"_links":{"self":[{"href":"https:\/\/sertv.gob.pa\/nacionalfm\/wp-json\/wp\/v2\/posts\/16087","targetHints":{"allow":["GET"]}}],"collection":[{"href":"https:\/\/sertv.gob.pa\/nacionalfm\/wp-json\/wp\/v2\/posts"}],"about":[{"href":"https:\/\/sertv.gob.pa\/nacionalfm\/wp-json\/wp\/v2\/types\/post"}],"author":[{"embeddable":true,"href":"https:\/\/sertv.gob.pa\/nacionalfm\/wp-json\/wp\/v2\/users\/1"}],"replies":[{"embeddable":true,"href":"https:\/\/sertv.gob.pa\/nacionalfm\/wp-json\/wp\/v2\/comments?post=16087"}],"version-history":[{"count":0,"href":"https:\/\/sertv.gob.pa\/nacionalfm\/wp-json\/wp\/v2\/posts\/16087\/revisions"}],"wp:featuredmedia":[{"embeddable":true,"href":"https:\/\/sertv.gob.pa\/nacionalfm\/wp-json\/wp\/v2\/media\/16088"}],"wp:attachment":[{"href":"https:\/\/sertv.gob.pa\/nacionalfm\/wp-json\/wp\/v2\/media?parent=16087"}],"wp:term":[{"taxonomy":"category","embeddable":true,"href":"https:\/\/sertv.gob.pa\/nacionalfm\/wp-json\/wp\/v2\/categories?post=16087"},{"taxonomy":"post_tag","embeddable":true,"href":"https:\/\/sertv.gob.pa\/nacionalfm\/wp-json\/wp\/v2\/tags?post=16087"}],"curies":[{"name":"wp","href":"https:\/\/api.w.org\/{rel}","templated":true}]}}