{"id":16097,"date":"2016-10-05T15:28:54","date_gmt":"2016-10-05T15:28:54","guid":{"rendered":""},"modified":"2016-10-05T15:28:54","modified_gmt":"2016-10-05T15:28:54","slug":"bolillo-gomez-inicia-practicas-con-20-jugadores-convocados","status":"publish","type":"post","link":"https:\/\/sertv.gob.pa\/nacionalfm\/bolillo-gomez-inicia-practicas-con-20-jugadores-convocados\/","title":{"rendered":"\u201cBolillo\u201d G\u00f3mez inicia pr\u00e1cticas con 20 jugadores convocados"},"content":{"rendered":"<p>\nLa Selecci\u00f3n Nacional de F\u00fatbol con la participaci\u00f3n de 20 jugadores, convocados con el t\u00e9cnico Dar\u00edo &ldquo;El Bolillo&rdquo; G\u00f3mez iniciaron este martes, la  preparaci\u00f3n  para el encuentro amistoso que sostendr\u00e1n la selecci\u00f3n nacional el pr\u00f3ximo 11 de octubre ante M\u00e9xico en Chicago, Estados Unidos. <\/p>\n<p>Estos trabajos debieron iniciar la tarde del lunes, en el Rommel Fern\u00e1ndez, pero debido al fuerte aguacero que cay\u00f3 sobre la capital paname\u00f1a el t\u00e9cnico G\u00f3mez decidi\u00f3 cancelar el entrenamiento y trasladar los trabajos al estadio Maracan\u00e1 de El Chorrillo. <\/p>\n<p>La jornada del martes, inici\u00f3 con trabajos f\u00edsicos de estiramiento as\u00ed como un leve trote alrededor de la cancha para luego practicar jugadas de precisi\u00f3n y disparos al marco. <\/p>\n<p>El d\u00eda termin\u00f3 con una pr\u00e1ctica de f\u00fatbol en conjunto con la selecci\u00f3n Sub-17 que dirige Juan Carlos Cubilla. <\/p>\n<p>\u00a0 <\/p>\n","protected":false},"excerpt":{"rendered":"<p>La Selecci\u00f3n Nacional de F\u00fatbol con la participaci\u00f3n de 20 <a href=\"https:\/\/sertv.gob.pa\/nacionalfm\/bolillo-gomez-inicia-practicas-con-20-jugadores-convocados\/\"> [&#8230;]<\/a><\/p>\n","protected":false},"author":1,"featured_media":16098,"comment_status":"closed","ping_status":"closed","sticky":false,"template":"","format":"standard","meta":{"footnotes":""},"categories":[4],"tags":[],"class_list":["post-16097","post","type-post","status-publish","format-standard","has-post-thumbnail","hentry","category-deportes"],"_links":{"self":[{"href":"https:\/\/sertv.gob.pa\/nacionalfm\/wp-json\/wp\/v2\/posts\/16097","targetHints":{"allow":["GET"]}}],"collection":[{"href":"https:\/\/sertv.gob.pa\/nacionalfm\/wp-json\/wp\/v2\/posts"}],"about":[{"href":"https:\/\/sertv.gob.pa\/nacionalfm\/wp-json\/wp\/v2\/types\/post"}],"author":[{"embeddable":true,"href":"https:\/\/sertv.gob.pa\/nacionalfm\/wp-json\/wp\/v2\/users\/1"}],"replies":[{"embeddable":true,"href":"https:\/\/sertv.gob.pa\/nacionalfm\/wp-json\/wp\/v2\/comments?post=16097"}],"version-history":[{"count":0,"href":"https:\/\/sertv.gob.pa\/nacionalfm\/wp-json\/wp\/v2\/posts\/16097\/revisions"}],"wp:featuredmedia":[{"embeddable":true,"href":"https:\/\/sertv.gob.pa\/nacionalfm\/wp-json\/wp\/v2\/media\/16098"}],"wp:attachment":[{"href":"https:\/\/sertv.gob.pa\/nacionalfm\/wp-json\/wp\/v2\/media?parent=16097"}],"wp:term":[{"taxonomy":"category","embeddable":true,"href":"https:\/\/sertv.gob.pa\/nacionalfm\/wp-json\/wp\/v2\/categories?post=16097"},{"taxonomy":"post_tag","embeddable":true,"href":"https:\/\/sertv.gob.pa\/nacionalfm\/wp-json\/wp\/v2\/tags?post=16097"}],"curies":[{"name":"wp","href":"https:\/\/api.w.org\/{rel}","templated":true}]}}