{"id":161,"date":"2014-07-08T05:00:00","date_gmt":"2014-07-08T05:00:00","guid":{"rendered":""},"modified":"2014-07-08T05:00:00","modified_gmt":"2014-07-08T05:00:00","slug":"numero-de-fallecidos-por-el-ebola-supera-los-500","status":"publish","type":"post","link":"https:\/\/sertv.gob.pa\/nacionalfm\/numero-de-fallecidos-por-el-ebola-supera-los-500\/","title":{"rendered":"N\u00famero de fallecidos por el \u00e9bola supera los 500"},"content":{"rendered":"<p>\nEl n\u00famero de personas que han muerto luego de contagiarse con el virus del \u00e9bola en \u00c1frica Occidental asciende a 518, anunci\u00f3 \u00a0la Organizaci\u00f3n Mundial de la Salud (OMS). <\/p>\n<p>La agencia sanitaria de Naciones Unidas ha contabilizado 844 casos de infecci\u00f3n en los tres pa\u00edses que hasta la fecha han registrado contagios: Guinea Conakry, Liberia y Sierra Leona. El \u00faltimo recuento dado a conocer por la ONU el pasado 1 de julio cifraba en 467 los decesos de un total de 759 casos censados. <\/p>\n<p>La OMS asegura que la actual epidemia de \u00e9bola en \u00c1frica Occidental es la m\u00e1s grave que se ha visto jam\u00e1s, tanto por el n\u00famero de personas infectadas como por la cantidad de muertos y por su distribuci\u00f3n geogr\u00e1fica en tres pa\u00edses simult\u00e1neamente. <\/p>\n<p>La agencia de la ONU asume que la epidemia no est\u00e1 controlada, pero a pesar de ello desaconseja cualquier restricci\u00f3n a los viajes o al comercio. <\/p>\n<p>Sin embargo, parece que la epidemia est\u00e1 empezando a remitir, dado que por primera vez desde que se est\u00e1n contabilizando los casos, no se ha detectado ninguna nueva infecci\u00f3n en Guinea Conakry, precisamente el pa\u00eds donde se origin\u00f3 el primer contagio. <\/p>\n<p>En los \u00faltimos siete d\u00edas, no obstante, se han registrado 16 nuevos casos en Liberia y 34 en Sierra Leona. Ese n\u00famero se\u00f1ala que sigue habiendo transmisi\u00f3n activa en la comunidad, especific\u00f3 Fad\u00e9la Chaib, portavoz de la OMS. <\/p>\n<p>Chaib dijo que todav\u00eda \u00abhay resistencia entre las personas a llevar a los enfermos a los hospitales, lo que provoca que los intenten cuidar en casa con el riesgo de contagio que conlleva\u00bb.\u00a0 @nacionalFm <\/p>\n<p>\u00a0 <\/p>\n","protected":false},"excerpt":{"rendered":"<p>El n\u00famero de personas que han muerto luego de contagiarse <a href=\"https:\/\/sertv.gob.pa\/nacionalfm\/numero-de-fallecidos-por-el-ebola-supera-los-500\/\"> [&#8230;]<\/a><\/p>\n","protected":false},"author":1,"featured_media":162,"comment_status":"closed","ping_status":"closed","sticky":false,"template":"","format":"standard","meta":{"footnotes":""},"categories":[5],"tags":[],"class_list":["post-161","post","type-post","status-publish","format-standard","has-post-thumbnail","hentry","category-salud"],"_links":{"self":[{"href":"https:\/\/sertv.gob.pa\/nacionalfm\/wp-json\/wp\/v2\/posts\/161","targetHints":{"allow":["GET"]}}],"collection":[{"href":"https:\/\/sertv.gob.pa\/nacionalfm\/wp-json\/wp\/v2\/posts"}],"about":[{"href":"https:\/\/sertv.gob.pa\/nacionalfm\/wp-json\/wp\/v2\/types\/post"}],"author":[{"embeddable":true,"href":"https:\/\/sertv.gob.pa\/nacionalfm\/wp-json\/wp\/v2\/users\/1"}],"replies":[{"embeddable":true,"href":"https:\/\/sertv.gob.pa\/nacionalfm\/wp-json\/wp\/v2\/comments?post=161"}],"version-history":[{"count":0,"href":"https:\/\/sertv.gob.pa\/nacionalfm\/wp-json\/wp\/v2\/posts\/161\/revisions"}],"wp:featuredmedia":[{"embeddable":true,"href":"https:\/\/sertv.gob.pa\/nacionalfm\/wp-json\/wp\/v2\/media\/162"}],"wp:attachment":[{"href":"https:\/\/sertv.gob.pa\/nacionalfm\/wp-json\/wp\/v2\/media?parent=161"}],"wp:term":[{"taxonomy":"category","embeddable":true,"href":"https:\/\/sertv.gob.pa\/nacionalfm\/wp-json\/wp\/v2\/categories?post=161"},{"taxonomy":"post_tag","embeddable":true,"href":"https:\/\/sertv.gob.pa\/nacionalfm\/wp-json\/wp\/v2\/tags?post=161"}],"curies":[{"name":"wp","href":"https:\/\/api.w.org\/{rel}","templated":true}]}}