{"id":16101,"date":"2016-10-05T15:47:30","date_gmt":"2016-10-05T15:47:30","guid":{"rendered":""},"modified":"2016-10-05T15:47:30","modified_gmt":"2016-10-05T15:47:30","slug":"el-invisible-corrales-vuelve-a-japon-para-conceder-revancha","status":"publish","type":"post","link":"https:\/\/sertv.gob.pa\/nacionalfm\/el-invisible-corrales-vuelve-a-japon-para-conceder-revancha\/","title":{"rendered":"\u201cEl Invisible\u201d Corrales vuelve a Jap\u00f3n para conceder revancha"},"content":{"rendered":"<p>\nJezrrel &ldquo;El Invisible&rdquo; Corrales realizar\u00e1 su primera defensa del t\u00edtulo superpluma de la Asociaci\u00f3n Mundial de Boxeo en combate de revancha ante el japon\u00e9s Takashi Ushiyama, en Tokio, Jap\u00f3n el pr\u00f3ximo 31 de diciembre. <\/p>\n<p>Jezrrel Corrales firm\u00f3 el contrato y junto a su equipo de trabajo saben que Ushiyama vendr\u00e1 diferente, por lo que desde ya elabroran un nuevo plan de trabajo que esperan pueda permitirle retener la corona. <\/p>\n","protected":false},"excerpt":{"rendered":"<p>Jezrrel &ldquo;El Invisible&rdquo; Corrales realizar\u00e1 su primera defensa del t\u00edtulo <a href=\"https:\/\/sertv.gob.pa\/nacionalfm\/el-invisible-corrales-vuelve-a-japon-para-conceder-revancha\/\"> [&#8230;]<\/a><\/p>\n","protected":false},"author":1,"featured_media":16102,"comment_status":"closed","ping_status":"closed","sticky":false,"template":"","format":"standard","meta":{"footnotes":""},"categories":[4],"tags":[],"class_list":["post-16101","post","type-post","status-publish","format-standard","has-post-thumbnail","hentry","category-deportes"],"_links":{"self":[{"href":"https:\/\/sertv.gob.pa\/nacionalfm\/wp-json\/wp\/v2\/posts\/16101","targetHints":{"allow":["GET"]}}],"collection":[{"href":"https:\/\/sertv.gob.pa\/nacionalfm\/wp-json\/wp\/v2\/posts"}],"about":[{"href":"https:\/\/sertv.gob.pa\/nacionalfm\/wp-json\/wp\/v2\/types\/post"}],"author":[{"embeddable":true,"href":"https:\/\/sertv.gob.pa\/nacionalfm\/wp-json\/wp\/v2\/users\/1"}],"replies":[{"embeddable":true,"href":"https:\/\/sertv.gob.pa\/nacionalfm\/wp-json\/wp\/v2\/comments?post=16101"}],"version-history":[{"count":0,"href":"https:\/\/sertv.gob.pa\/nacionalfm\/wp-json\/wp\/v2\/posts\/16101\/revisions"}],"wp:featuredmedia":[{"embeddable":true,"href":"https:\/\/sertv.gob.pa\/nacionalfm\/wp-json\/wp\/v2\/media\/16102"}],"wp:attachment":[{"href":"https:\/\/sertv.gob.pa\/nacionalfm\/wp-json\/wp\/v2\/media?parent=16101"}],"wp:term":[{"taxonomy":"category","embeddable":true,"href":"https:\/\/sertv.gob.pa\/nacionalfm\/wp-json\/wp\/v2\/categories?post=16101"},{"taxonomy":"post_tag","embeddable":true,"href":"https:\/\/sertv.gob.pa\/nacionalfm\/wp-json\/wp\/v2\/tags?post=16101"}],"curies":[{"name":"wp","href":"https:\/\/api.w.org\/{rel}","templated":true}]}}