{"id":16103,"date":"2016-10-05T16:12:37","date_gmt":"2016-10-05T16:12:37","guid":{"rendered":""},"modified":"2016-10-05T16:12:37","modified_gmt":"2016-10-05T16:12:37","slug":"en-colon-inicia-actividad-de-boxeo-olimpico-en-nuestro-pais","status":"publish","type":"post","link":"https:\/\/sertv.gob.pa\/nacionalfm\/en-colon-inicia-actividad-de-boxeo-olimpico-en-nuestro-pais\/","title":{"rendered":"En Col\u00f3n inicia actividad de boxeo ol\u00edmpico en nuestro pa\u00eds"},"content":{"rendered":"<p>\nEl presidente de la Federaci\u00f3n de Boxeo Ol\u00edmpico de Panam\u00e1, Tom\u00e1s Cianca dio a conocer que este viernes inicia una gran actividad ol\u00edmpica en diversas partes del pa\u00eds. <\/p>\n<p>Este viernes 7 de octubre se realizar\u00e1 una cartilla box\u00edstica en la provincia de Col\u00f3n desde las 6 de la tarde, el s\u00e1bado 15 en el Coco de la Chorrera se llevar\u00e1 a cabo otra cartilla a las 7 de la noche. <\/p>\n<p>El viernes 21 de octubre en celebraci\u00f3n del aniversario del distrito de Aguadulce se realizar\u00e1 otra programaci\u00f3n a partir de las 7 de la noche. <\/p>\n<p>El s\u00e1bado 5 de noviembre se realizar\u00e1 un encuentro interprovincial en Calobre, provincia de Veraguas. <\/p>\n<p>El doctor Cianca tambi\u00e9n manifest\u00f3 que se est\u00e1 gestionando la consecuci\u00f3n de los pasaportes para la inscripci\u00f3n del campeonato Centroamericano que se realizar\u00e1 del 17 al 21 de noviembre en Costa Rica, y se est\u00e1 por confirmar la fecha de los Interzona de Boxeo de la Polic\u00eda Nacional. <\/p>\n","protected":false},"excerpt":{"rendered":"<p>El presidente de la Federaci\u00f3n de Boxeo Ol\u00edmpico de Panam\u00e1, <a href=\"https:\/\/sertv.gob.pa\/nacionalfm\/en-colon-inicia-actividad-de-boxeo-olimpico-en-nuestro-pais\/\"> [&#8230;]<\/a><\/p>\n","protected":false},"author":1,"featured_media":16104,"comment_status":"closed","ping_status":"closed","sticky":false,"template":"","format":"standard","meta":{"footnotes":""},"categories":[4],"tags":[],"class_list":["post-16103","post","type-post","status-publish","format-standard","has-post-thumbnail","hentry","category-deportes"],"_links":{"self":[{"href":"https:\/\/sertv.gob.pa\/nacionalfm\/wp-json\/wp\/v2\/posts\/16103","targetHints":{"allow":["GET"]}}],"collection":[{"href":"https:\/\/sertv.gob.pa\/nacionalfm\/wp-json\/wp\/v2\/posts"}],"about":[{"href":"https:\/\/sertv.gob.pa\/nacionalfm\/wp-json\/wp\/v2\/types\/post"}],"author":[{"embeddable":true,"href":"https:\/\/sertv.gob.pa\/nacionalfm\/wp-json\/wp\/v2\/users\/1"}],"replies":[{"embeddable":true,"href":"https:\/\/sertv.gob.pa\/nacionalfm\/wp-json\/wp\/v2\/comments?post=16103"}],"version-history":[{"count":0,"href":"https:\/\/sertv.gob.pa\/nacionalfm\/wp-json\/wp\/v2\/posts\/16103\/revisions"}],"wp:featuredmedia":[{"embeddable":true,"href":"https:\/\/sertv.gob.pa\/nacionalfm\/wp-json\/wp\/v2\/media\/16104"}],"wp:attachment":[{"href":"https:\/\/sertv.gob.pa\/nacionalfm\/wp-json\/wp\/v2\/media?parent=16103"}],"wp:term":[{"taxonomy":"category","embeddable":true,"href":"https:\/\/sertv.gob.pa\/nacionalfm\/wp-json\/wp\/v2\/categories?post=16103"},{"taxonomy":"post_tag","embeddable":true,"href":"https:\/\/sertv.gob.pa\/nacionalfm\/wp-json\/wp\/v2\/tags?post=16103"}],"curies":[{"name":"wp","href":"https:\/\/api.w.org\/{rel}","templated":true}]}}