{"id":16115,"date":"2016-10-05T18:43:57","date_gmt":"2016-10-05T18:43:57","guid":{"rendered":""},"modified":"2016-10-05T18:43:57","modified_gmt":"2016-10-05T18:43:57","slug":"durante-embarazo-fumar-cigarros-electronicos-altera-el-feto","status":"publish","type":"post","link":"https:\/\/sertv.gob.pa\/nacionalfm\/durante-embarazo-fumar-cigarros-electronicos-altera-el-feto\/","title":{"rendered":"Durante embarazo fumar cigarros electr\u00f3nicos altera el feto"},"content":{"rendered":"<p>\nLa exposici\u00f3n de la mujer al cigarrillo electr\u00f3nico durante el per\u00edodo de gestaci\u00f3n &ldquo;altera el desarrollo del cerebro&rdquo;, en concreto, &ldquo;del c\u00f3rtex frontal&rdquo;, explic\u00f3 la doctora Judy Zelikoff, del departamento de medicina ambiental en la Universidad de Nueva York. <\/p>\n<p>La raz\u00f3n es que los cigarrillos electr\u00f3nicos tienen unos componentes que &ldquo;afectan a los genes&rdquo; de los que depende la formaci\u00f3n del \u00e1rea del celebro donde residir\u00e1 &ldquo;el conocimiento y el juicio&rdquo;, indic\u00f3 la doctora Zelikoff. <\/p>\n<p>En sus ensayos de laboratorio, siempre con animales, la investigadora apreci\u00f3 que los cigarrillos electr\u00f3nicos producen m\u00e1s efectos secundarios en hembras que en machos. <\/p>\n<p>&ldquo;Cambios de comportamiento, de actividad y de movilidad&rdquo; fueron las consecuencias ocasionadas por el cigarrillo electr\u00f3nico, as\u00ed como por otras alternativas a la nicotina corriente, englobadas en el estudio dentro del t\u00e9rmino &ldquo;tabaco sin humo&rdquo;, explic\u00f3 Zelikoff. <\/p>\n<p>Adem\u00e1s, el tabaco sin humo caus\u00f3 problemas hep\u00e1ticos y card\u00edacos en ratones adultos que hab\u00edan sido expuestos a este producto mientras se hallaban en fase de gestaci\u00f3n. <\/p>\n<p>\u00a0 <\/p>\n","protected":false},"excerpt":{"rendered":"<p>La exposici\u00f3n de la mujer al cigarrillo electr\u00f3nico durante el <a href=\"https:\/\/sertv.gob.pa\/nacionalfm\/durante-embarazo-fumar-cigarros-electronicos-altera-el-feto\/\"> [&#8230;]<\/a><\/p>\n","protected":false},"author":1,"featured_media":16116,"comment_status":"closed","ping_status":"closed","sticky":false,"template":"","format":"standard","meta":{"footnotes":""},"categories":[5],"tags":[],"class_list":["post-16115","post","type-post","status-publish","format-standard","has-post-thumbnail","hentry","category-salud"],"_links":{"self":[{"href":"https:\/\/sertv.gob.pa\/nacionalfm\/wp-json\/wp\/v2\/posts\/16115","targetHints":{"allow":["GET"]}}],"collection":[{"href":"https:\/\/sertv.gob.pa\/nacionalfm\/wp-json\/wp\/v2\/posts"}],"about":[{"href":"https:\/\/sertv.gob.pa\/nacionalfm\/wp-json\/wp\/v2\/types\/post"}],"author":[{"embeddable":true,"href":"https:\/\/sertv.gob.pa\/nacionalfm\/wp-json\/wp\/v2\/users\/1"}],"replies":[{"embeddable":true,"href":"https:\/\/sertv.gob.pa\/nacionalfm\/wp-json\/wp\/v2\/comments?post=16115"}],"version-history":[{"count":0,"href":"https:\/\/sertv.gob.pa\/nacionalfm\/wp-json\/wp\/v2\/posts\/16115\/revisions"}],"wp:featuredmedia":[{"embeddable":true,"href":"https:\/\/sertv.gob.pa\/nacionalfm\/wp-json\/wp\/v2\/media\/16116"}],"wp:attachment":[{"href":"https:\/\/sertv.gob.pa\/nacionalfm\/wp-json\/wp\/v2\/media?parent=16115"}],"wp:term":[{"taxonomy":"category","embeddable":true,"href":"https:\/\/sertv.gob.pa\/nacionalfm\/wp-json\/wp\/v2\/categories?post=16115"},{"taxonomy":"post_tag","embeddable":true,"href":"https:\/\/sertv.gob.pa\/nacionalfm\/wp-json\/wp\/v2\/tags?post=16115"}],"curies":[{"name":"wp","href":"https:\/\/api.w.org\/{rel}","templated":true}]}}