{"id":16117,"date":"2016-10-05T18:48:34","date_gmt":"2016-10-05T18:48:34","guid":{"rendered":""},"modified":"2016-10-05T18:48:34","modified_gmt":"2016-10-05T18:48:34","slug":"4-trasplantes-de-utero-son-realizados-en-hospital-de-texas","status":"publish","type":"post","link":"https:\/\/sertv.gob.pa\/nacionalfm\/4-trasplantes-de-utero-son-realizados-en-hospital-de-texas\/","title":{"rendered":"4 trasplantes de \u00fatero son realizados en Hospital de Texas"},"content":{"rendered":"<p>\nM\u00e9dicos en Texas han efectuado los primeros cuatro trasplantes de \u00fatero en Estados Unidos utilizando donantes vivas. <\/p>\n<p>Cuatro mujeres que nacieron sin \u00fatero recibieron uno en operaciones el mes pasado en el Centro M\u00e9dico de la Universidad Baylor en Dallas. <\/p>\n<p>Tres de los \u00fateros tuvieron que ser retirados a causa de problemas de circulaci\u00f3n, pero el hospital se\u00f1al\u00f3 que la cuarta mujer todav\u00eda tiene el suyo y no ha mostrado indicios de rechazo. <\/p>\n<p>Ha habido al menos 16 trasplantes de \u00fatero previos en el mundo, incluyendo uno en Cleveland en el que el \u00f3rgano tuvo que ser retirado a causa de complicaciones. Dos m\u00e9dicos de la Universidad de Gotemburgo en Suecia, que ha realizado la mayor\u00eda de esas operaciones, asistieron en los cuatro trasplantes en Dallas. <\/p>\n<p>Al menos cinco nacimientos han resultado de trasplantes de \u00fatero en Suecia. <\/p>\n<p>\u00a0 <\/p>\n","protected":false},"excerpt":{"rendered":"<p>M\u00e9dicos en Texas han efectuado los primeros cuatro trasplantes de <a href=\"https:\/\/sertv.gob.pa\/nacionalfm\/4-trasplantes-de-utero-son-realizados-en-hospital-de-texas\/\"> [&#8230;]<\/a><\/p>\n","protected":false},"author":1,"featured_media":16118,"comment_status":"closed","ping_status":"closed","sticky":false,"template":"","format":"standard","meta":{"footnotes":""},"categories":[5],"tags":[],"class_list":["post-16117","post","type-post","status-publish","format-standard","has-post-thumbnail","hentry","category-salud"],"_links":{"self":[{"href":"https:\/\/sertv.gob.pa\/nacionalfm\/wp-json\/wp\/v2\/posts\/16117","targetHints":{"allow":["GET"]}}],"collection":[{"href":"https:\/\/sertv.gob.pa\/nacionalfm\/wp-json\/wp\/v2\/posts"}],"about":[{"href":"https:\/\/sertv.gob.pa\/nacionalfm\/wp-json\/wp\/v2\/types\/post"}],"author":[{"embeddable":true,"href":"https:\/\/sertv.gob.pa\/nacionalfm\/wp-json\/wp\/v2\/users\/1"}],"replies":[{"embeddable":true,"href":"https:\/\/sertv.gob.pa\/nacionalfm\/wp-json\/wp\/v2\/comments?post=16117"}],"version-history":[{"count":0,"href":"https:\/\/sertv.gob.pa\/nacionalfm\/wp-json\/wp\/v2\/posts\/16117\/revisions"}],"wp:featuredmedia":[{"embeddable":true,"href":"https:\/\/sertv.gob.pa\/nacionalfm\/wp-json\/wp\/v2\/media\/16118"}],"wp:attachment":[{"href":"https:\/\/sertv.gob.pa\/nacionalfm\/wp-json\/wp\/v2\/media?parent=16117"}],"wp:term":[{"taxonomy":"category","embeddable":true,"href":"https:\/\/sertv.gob.pa\/nacionalfm\/wp-json\/wp\/v2\/categories?post=16117"},{"taxonomy":"post_tag","embeddable":true,"href":"https:\/\/sertv.gob.pa\/nacionalfm\/wp-json\/wp\/v2\/tags?post=16117"}],"curies":[{"name":"wp","href":"https:\/\/api.w.org\/{rel}","templated":true}]}}