{"id":16133,"date":"2016-10-06T15:28:26","date_gmt":"2016-10-06T15:28:26","guid":{"rendered":""},"modified":"2016-10-06T15:28:26","modified_gmt":"2016-10-06T15:28:26","slug":"papa-francisco-convoca-un-sinodo-sobre-los-jovenes-en-el-2018","status":"publish","type":"post","link":"https:\/\/sertv.gob.pa\/nacionalfm\/papa-francisco-convoca-un-sinodo-sobre-los-jovenes-en-el-2018\/","title":{"rendered":"Papa Francisco convoca un s\u00ednodo sobre los j\u00f3venes en el 2018"},"content":{"rendered":"<p>\n El papa Francisco \u00a0convoc\u00f3 para octubre de 2018 un s\u00ednodo, o asamblea de obispos de todo el mundo, sobre los j\u00f3venes y los nuevos modelos de vida, indic\u00f3 este jueves 6 de octubre\u00a0 El Vaticano \u00a0en un comunicado. <\/p>\n<p>Los obispos de todos los rincones del planeta se reunir\u00e1n en El Vaticano para debatir sobre los cambios que afectan a la juventud, la fe y &ldquo;el discernimiento vocacional&rdquo;. <\/p>\n<p>La decisi\u00f3n del pont\u00edfice fue tomada tras consultar a las conferencias episcopales y escuchar las observaciones de los padres sinodales en las pasadas asambleas dedicadas a la familia. <\/p>\n<p>La Iglesia cat\u00f3lica desea &ldquo;acompa\u00f1ar a los j\u00f3venes en su camino existencial hacia la madurez&rdquo;, de manera de hacer frente a la crisis de vocaciones que la afecta actualmente. <\/p>\n<p>En muchos pa\u00edses se ha reducido el n\u00famero de j\u00f3venes que desean ser sacerdotes o dedicarse a la vida religiosa, un fen\u00f3meno que preocupa a la jerarqu\u00eda de la Iglesia cat\u00f3lica. <\/p>\n<p>En octubre de 2014 y 2015, durante los dos s\u00ednodos dedicados a la familia, las divisiones dentro de la Iglesia frente a los cambios sociales fueron evidentes. <\/p>\n<p>Al t\u00e9rmino de las deliberaciones, el papa Francisco lanz\u00f3 en abril su segunda exhortaci\u00f3n apost\u00f3lica, &ldquo; Laetitia Amoris &rdquo; (La alegr\u00eda del amor), un documento que fija las l\u00edneas de la Iglesia sobre la familia, el amor y el matrimonio. <\/p>\n","protected":false},"excerpt":{"rendered":"<p>El papa Francisco \u00a0convoc\u00f3 para octubre de 2018 un s\u00ednodo, <a href=\"https:\/\/sertv.gob.pa\/nacionalfm\/papa-francisco-convoca-un-sinodo-sobre-los-jovenes-en-el-2018\/\"> [&#8230;]<\/a><\/p>\n","protected":false},"author":1,"featured_media":16134,"comment_status":"closed","ping_status":"closed","sticky":false,"template":"","format":"standard","meta":{"footnotes":""},"categories":[3],"tags":[],"class_list":["post-16133","post","type-post","status-publish","format-standard","has-post-thumbnail","hentry","category-internacionales"],"_links":{"self":[{"href":"https:\/\/sertv.gob.pa\/nacionalfm\/wp-json\/wp\/v2\/posts\/16133","targetHints":{"allow":["GET"]}}],"collection":[{"href":"https:\/\/sertv.gob.pa\/nacionalfm\/wp-json\/wp\/v2\/posts"}],"about":[{"href":"https:\/\/sertv.gob.pa\/nacionalfm\/wp-json\/wp\/v2\/types\/post"}],"author":[{"embeddable":true,"href":"https:\/\/sertv.gob.pa\/nacionalfm\/wp-json\/wp\/v2\/users\/1"}],"replies":[{"embeddable":true,"href":"https:\/\/sertv.gob.pa\/nacionalfm\/wp-json\/wp\/v2\/comments?post=16133"}],"version-history":[{"count":0,"href":"https:\/\/sertv.gob.pa\/nacionalfm\/wp-json\/wp\/v2\/posts\/16133\/revisions"}],"wp:featuredmedia":[{"embeddable":true,"href":"https:\/\/sertv.gob.pa\/nacionalfm\/wp-json\/wp\/v2\/media\/16134"}],"wp:attachment":[{"href":"https:\/\/sertv.gob.pa\/nacionalfm\/wp-json\/wp\/v2\/media?parent=16133"}],"wp:term":[{"taxonomy":"category","embeddable":true,"href":"https:\/\/sertv.gob.pa\/nacionalfm\/wp-json\/wp\/v2\/categories?post=16133"},{"taxonomy":"post_tag","embeddable":true,"href":"https:\/\/sertv.gob.pa\/nacionalfm\/wp-json\/wp\/v2\/tags?post=16133"}],"curies":[{"name":"wp","href":"https:\/\/api.w.org\/{rel}","templated":true}]}}