{"id":16147,"date":"2016-10-06T16:36:59","date_gmt":"2016-10-06T16:36:59","guid":{"rendered":""},"modified":"2016-10-06T16:36:59","modified_gmt":"2016-10-06T16:36:59","slug":"lpf-asigna-a-jesus-gonzalez-como-jugador-de-la-semana","status":"publish","type":"post","link":"https:\/\/sertv.gob.pa\/nacionalfm\/lpf-asigna-a-jesus-gonzalez-como-jugador-de-la-semana\/","title":{"rendered":"LPF asigna a Jes\u00fas Gonz\u00e1lez como jugador de la semana"},"content":{"rendered":"<p>\nTras finalizada la jornada 12 de la Liga Paname\u00f1a de F\u00fatbol, ha considerado como jugador de la semana a Jes\u00fas Gonz\u00e1lez del Sporting San Miguelito del Torneo de Apertura 2016. <\/p>\n<p>El peque\u00f1o jugador acad\u00e9mico realiz\u00f3 un gran partido ante el Alianza FC, siendo el m\u00e1s incisivo en ataque y dejando muestras de esa calidad futbol\u00edstica que lo llev\u00f3 a formar parte de la selecci\u00f3n nacional sub20 que particip\u00f3 del mundial de Nueva Zelanda en el a\u00f1o 2015. <\/p>\n<p>&#8216;Chuito&#8217; le dio la victoria a su equipo frente los verdolagas con un golazo de tiro libre al minuto 49 partido y adem\u00e1s, con su gol sac\u00f3 al equipo de una racha negativa de siete partidos consecutivos sin conocer la victoria. <\/p>\n<p>\u00a0 <\/p>\n","protected":false},"excerpt":{"rendered":"<p>Tras finalizada la jornada 12 de la Liga Paname\u00f1a de <a href=\"https:\/\/sertv.gob.pa\/nacionalfm\/lpf-asigna-a-jesus-gonzalez-como-jugador-de-la-semana\/\"> [&#8230;]<\/a><\/p>\n","protected":false},"author":1,"featured_media":16148,"comment_status":"closed","ping_status":"closed","sticky":false,"template":"","format":"standard","meta":{"footnotes":""},"categories":[4],"tags":[],"class_list":["post-16147","post","type-post","status-publish","format-standard","has-post-thumbnail","hentry","category-deportes"],"_links":{"self":[{"href":"https:\/\/sertv.gob.pa\/nacionalfm\/wp-json\/wp\/v2\/posts\/16147","targetHints":{"allow":["GET"]}}],"collection":[{"href":"https:\/\/sertv.gob.pa\/nacionalfm\/wp-json\/wp\/v2\/posts"}],"about":[{"href":"https:\/\/sertv.gob.pa\/nacionalfm\/wp-json\/wp\/v2\/types\/post"}],"author":[{"embeddable":true,"href":"https:\/\/sertv.gob.pa\/nacionalfm\/wp-json\/wp\/v2\/users\/1"}],"replies":[{"embeddable":true,"href":"https:\/\/sertv.gob.pa\/nacionalfm\/wp-json\/wp\/v2\/comments?post=16147"}],"version-history":[{"count":0,"href":"https:\/\/sertv.gob.pa\/nacionalfm\/wp-json\/wp\/v2\/posts\/16147\/revisions"}],"wp:featuredmedia":[{"embeddable":true,"href":"https:\/\/sertv.gob.pa\/nacionalfm\/wp-json\/wp\/v2\/media\/16148"}],"wp:attachment":[{"href":"https:\/\/sertv.gob.pa\/nacionalfm\/wp-json\/wp\/v2\/media?parent=16147"}],"wp:term":[{"taxonomy":"category","embeddable":true,"href":"https:\/\/sertv.gob.pa\/nacionalfm\/wp-json\/wp\/v2\/categories?post=16147"},{"taxonomy":"post_tag","embeddable":true,"href":"https:\/\/sertv.gob.pa\/nacionalfm\/wp-json\/wp\/v2\/tags?post=16147"}],"curies":[{"name":"wp","href":"https:\/\/api.w.org\/{rel}","templated":true}]}}