{"id":16153,"date":"2016-10-06T18:43:28","date_gmt":"2016-10-06T18:43:28","guid":{"rendered":""},"modified":"2016-10-06T18:43:28","modified_gmt":"2016-10-06T18:43:28","slug":"abuelos-que-cuidan-nietos-presentan-menor-riesgo-de-alzheimer","status":"publish","type":"post","link":"https:\/\/sertv.gob.pa\/nacionalfm\/abuelos-que-cuidan-nietos-presentan-menor-riesgo-de-alzheimer\/","title":{"rendered":"Abuelos que cuidan nietos presentan menor riesgo de Alzheimer"},"content":{"rendered":"<p>\nLos abuelos que cuidan a sus nietos presentan un menor riesgo de desarrollar Alzheimer. Adem\u00e1s, varios estudios han mostrado que igualmente se disminuyen los s\u00edntomas de depresi\u00f3n y otras condiciones neurodegenerativas. De acuerdo con el portalAlzheimer&rsquo;s, esto se puede entender gracias a la relaci\u00f3n entre la interacci\u00f3n social y la estimulaci\u00f3n cerebral. <\/p>\n<p>La investigaci\u00f3n publicada en Women&rsquo;s Health Aging Project en Australia, mostr\u00f3 que la interacci\u00f3n entre abuelos y nietos puede ser positiva tanto para los ni\u00f1os como para los adultos mayores. <\/p>\n<p>La uni\u00f3n entre familiares, y efectuar actividades como cantar, caminar, jugar, pintar, leer cuentos, hacer rompecabezas, jugar cartas, cocinar, escribir y otras actividades, ayudan a desarrollar y facilitar el aprendizaje de los ni\u00f1os y a su vez, mejorar la capacidad de memoria de los adultos mayores, evitando el degeneramiento neuronal, y por tanto, reduciendo el riesgo de desarrollar Alzheimer. <\/p>\n<p>Estos lazos tambi\u00e9n ayudan a mejorar la interacci\u00f3n social de los peque\u00f1os y reducir la sensaci\u00f3n de soledad que pueden presentar los abuelos y los s\u00edntomas de aislamiento que los puede llevar a la depresi\u00f3n. <\/p>\n<p>Por eso, saque provecho si tiene la oportunidad de pasar tiempo con sus nietos, o de dejar a sus hijos con los abuelos, pues las dos partes se ver\u00e1n altamente beneficiadas, adem\u00e1s de estrechar los lazos familiares. <\/p>\n<p>\u00a0 <\/p>\n","protected":false},"excerpt":{"rendered":"<p>Los abuelos que cuidan a sus nietos presentan un menor <a href=\"https:\/\/sertv.gob.pa\/nacionalfm\/abuelos-que-cuidan-nietos-presentan-menor-riesgo-de-alzheimer\/\"> [&#8230;]<\/a><\/p>\n","protected":false},"author":1,"featured_media":16154,"comment_status":"closed","ping_status":"closed","sticky":false,"template":"","format":"standard","meta":{"footnotes":""},"categories":[5],"tags":[],"class_list":["post-16153","post","type-post","status-publish","format-standard","has-post-thumbnail","hentry","category-salud"],"_links":{"self":[{"href":"https:\/\/sertv.gob.pa\/nacionalfm\/wp-json\/wp\/v2\/posts\/16153","targetHints":{"allow":["GET"]}}],"collection":[{"href":"https:\/\/sertv.gob.pa\/nacionalfm\/wp-json\/wp\/v2\/posts"}],"about":[{"href":"https:\/\/sertv.gob.pa\/nacionalfm\/wp-json\/wp\/v2\/types\/post"}],"author":[{"embeddable":true,"href":"https:\/\/sertv.gob.pa\/nacionalfm\/wp-json\/wp\/v2\/users\/1"}],"replies":[{"embeddable":true,"href":"https:\/\/sertv.gob.pa\/nacionalfm\/wp-json\/wp\/v2\/comments?post=16153"}],"version-history":[{"count":0,"href":"https:\/\/sertv.gob.pa\/nacionalfm\/wp-json\/wp\/v2\/posts\/16153\/revisions"}],"wp:featuredmedia":[{"embeddable":true,"href":"https:\/\/sertv.gob.pa\/nacionalfm\/wp-json\/wp\/v2\/media\/16154"}],"wp:attachment":[{"href":"https:\/\/sertv.gob.pa\/nacionalfm\/wp-json\/wp\/v2\/media?parent=16153"}],"wp:term":[{"taxonomy":"category","embeddable":true,"href":"https:\/\/sertv.gob.pa\/nacionalfm\/wp-json\/wp\/v2\/categories?post=16153"},{"taxonomy":"post_tag","embeddable":true,"href":"https:\/\/sertv.gob.pa\/nacionalfm\/wp-json\/wp\/v2\/tags?post=16153"}],"curies":[{"name":"wp","href":"https:\/\/api.w.org\/{rel}","templated":true}]}}