{"id":16179,"date":"2016-10-07T20:42:00","date_gmt":"2016-10-07T20:42:00","guid":{"rendered":""},"modified":"2016-10-07T20:42:00","modified_gmt":"2016-10-07T20:42:00","slug":"cancer-renal-puede-desencadenar-por-descuido-del-rinon","status":"publish","type":"post","link":"https:\/\/sertv.gob.pa\/nacionalfm\/cancer-renal-puede-desencadenar-por-descuido-del-rinon\/","title":{"rendered":"C\u00e1ncer renal puede desencadenar por descuido del ri\u00f1\u00f3n"},"content":{"rendered":"<p>\nEl c\u00e1ncer de ri\u00f1\u00f3n se debe a la proliferaci\u00f3n descontrolada de c\u00e9lulas patol\u00f3gicas, las cuales se agrupan en tumores malignos y son capaces de migrar a otras partes del cuerpo para formar neoplasias secundarias. \u00a0La m\u00e9dico onc\u00f3logo, Nuria Milagros Marrero Chico, destac\u00f3 que la ausencia de s\u00edntomas durante la etapa inicial de la enfermedad dificulta su detecci\u00f3n temprana, por lo que aproximadamente 40 % de los casos se diagnostican como un hallazgo incidental. <\/p>\n<p>La galena explic\u00f3 que a medida que avanza la patolog\u00eda se pueden observar algunos s\u00edntomas como: sangre en la orina, dolor en un costado de la regi\u00f3n abdominal, anemia, hipertensi\u00f3n arterial, p\u00e9rdida de peso sin raz\u00f3n aparente, falta de apetito, fiebre recurrente, entre otros. Por lo general, son estos los problemas que motivan al paciente a buscar ayuda m\u00e9dica. <\/p>\n<p>Aunque en el ri\u00f1\u00f3n se pueden presentar diferentes tipos de carcinomas, el m\u00e1s frecuente es el de c\u00e1ncer de c\u00e9lulas claras, el cual se halla en aproximadamente siete de cada diez personas con esta patolog\u00eda. Entre los factores que elevan el riesgo de desarrollar c\u00e1ncer en los ri\u00f1ones se encuentran: <\/p>\n<p>&#8211; Tabaquismo: se ha demostrado que aumenta hasta 30% la patolog\u00eda en los hombres y aproximadamente 25% en las mujeres. <\/p>\n<p>&#8211; Sexo: los hombres tienen de dos a tres veces m\u00e1s probabilidades de desarrollar este tipo de neoplasias que las mujeres. <\/p>\n<p>&#8211; Raza: Las personas de piel oscura tienen tasas mayores de c\u00e1ncer de ri\u00f1\u00f3n. <\/p>\n<p>&#8211; Edad: se halla habitualmente en adultos y se suele diagnosticar entre los 50 y 70 a\u00f1os. <\/p>\n<p>&#8211; Presi\u00f3n arterial alta. <\/p>\n<p>&#8211; Exposici\u00f3n al metal cadmio: Se encuentra presente en pilas, pinturas o material para soldar. <\/p>\n<p>&#8211; Antecedentes familiares de c\u00e1ncer de ri\u00f1\u00f3n. <\/p>\n<p>&#8211; Alteraciones gen\u00e9ticas. <\/p>\n<p>\u00a0 <\/p>\n","protected":false},"excerpt":{"rendered":"<p>El c\u00e1ncer de ri\u00f1\u00f3n se debe a la proliferaci\u00f3n descontrolada <a href=\"https:\/\/sertv.gob.pa\/nacionalfm\/cancer-renal-puede-desencadenar-por-descuido-del-rinon\/\"> [&#8230;]<\/a><\/p>\n","protected":false},"author":1,"featured_media":16180,"comment_status":"closed","ping_status":"closed","sticky":false,"template":"","format":"standard","meta":{"footnotes":""},"categories":[5],"tags":[],"class_list":["post-16179","post","type-post","status-publish","format-standard","has-post-thumbnail","hentry","category-salud"],"_links":{"self":[{"href":"https:\/\/sertv.gob.pa\/nacionalfm\/wp-json\/wp\/v2\/posts\/16179","targetHints":{"allow":["GET"]}}],"collection":[{"href":"https:\/\/sertv.gob.pa\/nacionalfm\/wp-json\/wp\/v2\/posts"}],"about":[{"href":"https:\/\/sertv.gob.pa\/nacionalfm\/wp-json\/wp\/v2\/types\/post"}],"author":[{"embeddable":true,"href":"https:\/\/sertv.gob.pa\/nacionalfm\/wp-json\/wp\/v2\/users\/1"}],"replies":[{"embeddable":true,"href":"https:\/\/sertv.gob.pa\/nacionalfm\/wp-json\/wp\/v2\/comments?post=16179"}],"version-history":[{"count":0,"href":"https:\/\/sertv.gob.pa\/nacionalfm\/wp-json\/wp\/v2\/posts\/16179\/revisions"}],"wp:featuredmedia":[{"embeddable":true,"href":"https:\/\/sertv.gob.pa\/nacionalfm\/wp-json\/wp\/v2\/media\/16180"}],"wp:attachment":[{"href":"https:\/\/sertv.gob.pa\/nacionalfm\/wp-json\/wp\/v2\/media?parent=16179"}],"wp:term":[{"taxonomy":"category","embeddable":true,"href":"https:\/\/sertv.gob.pa\/nacionalfm\/wp-json\/wp\/v2\/categories?post=16179"},{"taxonomy":"post_tag","embeddable":true,"href":"https:\/\/sertv.gob.pa\/nacionalfm\/wp-json\/wp\/v2\/tags?post=16179"}],"curies":[{"name":"wp","href":"https:\/\/api.w.org\/{rel}","templated":true}]}}