{"id":16181,"date":"2016-10-07T21:47:36","date_gmt":"2016-10-07T21:47:36","guid":{"rendered":""},"modified":"2016-10-07T21:47:36","modified_gmt":"2016-10-07T21:47:36","slug":"olimpiadas-especiales-panama-organiza-futbol-unificado","status":"publish","type":"post","link":"https:\/\/sertv.gob.pa\/nacionalfm\/olimpiadas-especiales-panama-organiza-futbol-unificado\/","title":{"rendered":"Olimpiadas Especiales Panam\u00e1 organiza F\u00fatbol Unificado"},"content":{"rendered":"<p>\nOlimpiadas Especiales Panam\u00e1 realizar\u00e1 del 13 de octubre al 26 de noviembre el V Torneo de F\u00fatbol Unificado con 192 atletas de todo el pa\u00eds con 12 equipos. <\/p>\n<p>La liga est\u00e1 compuesta por dos jornadas de eliminatorias, con los siguientes equipos, Chiriqu\u00ed, Veraguas, Chitr\u00e9 1, Chitr\u00e9 2, Pes\u00e9, Cocl\u00e9, Panam\u00e1 Metro, Panam\u00e1 Oeste, IPHE Panam\u00e1 Oeste, Col\u00f3n, EVE 1 y EVE 2. <\/p>\n<p>Los primeros en medir su talento ser\u00e1n los equipos del interior del pa\u00eds, Chiriqu\u00ed, Veraguas, Chitr\u00e9 1, Chitr\u00e9 2, Pes\u00e9 y Cocl\u00e9, que se ver\u00e1n del 13 al 16 de octubre, en la Ciudad de Chitr\u00e9, siendo esta la eliminatoria de la Zona B. <\/p>\n<p>Del 20 al 23 de octubre ser\u00e1 el turno de los equipos de la Zona A, Panam\u00e1 Metro, Panam\u00e1 Oeste, IPHE Panam\u00e1 Oeste, Col\u00f3n, EVE 1 y EVE 2, quienes jugar\u00e1n en la Ciudad Capital. <\/p>\n<p>Los dos primeros lugares de cada eliminatoria pasar\u00e1n a semifinales en donde deber\u00e1n empezar Del jueves 13 de octubre al 26 de diciembre se llevar\u00e1 a cabo el V Torneo de F\u00fatbol Unificado, de Olimpiadas Especiales, con la participaci\u00f3n de 12 equipos, que complementan 192 atletas, provenientes de todo el pa\u00eds. <\/p>\n<p>sus marcadores de 0 y lograr las posiciones que los lleve a la Gran Copa del 23 al 26 de noviembre en Ciudad Capital.\u00a0\u00a0\u00a0\u00a0\u00a0\u00a0\u00a0\u00a0\u00a0\u00a0\u00a0\u00a0\u00a0\u00a0\u00a0\u00a0\u00a0\u00a0\u00a0\u00a0\u00a0\u00a0\u00a0\u00a0\u00a0\u00a0\u00a0\u00a0\u00a0\u00a0\u00a0\u00a0\u00a0\u00a0\u00a0\u00a0\u00a0\u00a0\u00a0\u00a0\u00a0\u00a0\u00a0\u00a0\u00a0\u00a0\u00a0\u00a0\u00a0\u00a0\u00a0\u00a0\u00a0\u00a0\u00a0\u00a0\u00a0\u00a0\u00a0\u00a0\u00a0\u00a0\u00a0\u00a0\u00a0\u00a0\u00a0\u00a0\u00a0\u00a0\u00a0\u00a0\u00a0\u00a0\u00a0\u00a0\u00a0\u00a0\u00a0\u00a0\u00a0\u00a0\u00a0\u00a0\u00a0\u00a0\u00a0\u00a0\u00a0\u00a0\u00a0\u00a0\u00a0\u00a0 \u00a0 \u00a0 \u00a0 \u00a0 \u00a0 \u00a0 \u00a0 \u00a0 \u00a0 \u00a0 \u00a0 \u00a0 \u00a0 \u00a0 \u00a0 \u00a0 \u00a0 \u00a0 \u00a0 \u00a0 \u00a0 \u00a0 \u00a0 \u00a0 \u00a0 \u00a0 \u00a0 \u00a0 \u00a0 \u00a0 \u00a0 \u00a0 \u00a0 \u00a0 \u00a0 \u00a0 \u00a0 \u00a0 \u00a0 \u00a0 \u00a0 \u00a0 <\/p>\n","protected":false},"excerpt":{"rendered":"<p>Olimpiadas Especiales Panam\u00e1 realizar\u00e1 del 13 de octubre al 26 <a href=\"https:\/\/sertv.gob.pa\/nacionalfm\/olimpiadas-especiales-panama-organiza-futbol-unificado\/\"> [&#8230;]<\/a><\/p>\n","protected":false},"author":1,"featured_media":16182,"comment_status":"closed","ping_status":"closed","sticky":false,"template":"","format":"standard","meta":{"footnotes":""},"categories":[4],"tags":[],"class_list":["post-16181","post","type-post","status-publish","format-standard","has-post-thumbnail","hentry","category-deportes"],"_links":{"self":[{"href":"https:\/\/sertv.gob.pa\/nacionalfm\/wp-json\/wp\/v2\/posts\/16181","targetHints":{"allow":["GET"]}}],"collection":[{"href":"https:\/\/sertv.gob.pa\/nacionalfm\/wp-json\/wp\/v2\/posts"}],"about":[{"href":"https:\/\/sertv.gob.pa\/nacionalfm\/wp-json\/wp\/v2\/types\/post"}],"author":[{"embeddable":true,"href":"https:\/\/sertv.gob.pa\/nacionalfm\/wp-json\/wp\/v2\/users\/1"}],"replies":[{"embeddable":true,"href":"https:\/\/sertv.gob.pa\/nacionalfm\/wp-json\/wp\/v2\/comments?post=16181"}],"version-history":[{"count":0,"href":"https:\/\/sertv.gob.pa\/nacionalfm\/wp-json\/wp\/v2\/posts\/16181\/revisions"}],"wp:featuredmedia":[{"embeddable":true,"href":"https:\/\/sertv.gob.pa\/nacionalfm\/wp-json\/wp\/v2\/media\/16182"}],"wp:attachment":[{"href":"https:\/\/sertv.gob.pa\/nacionalfm\/wp-json\/wp\/v2\/media?parent=16181"}],"wp:term":[{"taxonomy":"category","embeddable":true,"href":"https:\/\/sertv.gob.pa\/nacionalfm\/wp-json\/wp\/v2\/categories?post=16181"},{"taxonomy":"post_tag","embeddable":true,"href":"https:\/\/sertv.gob.pa\/nacionalfm\/wp-json\/wp\/v2\/tags?post=16181"}],"curies":[{"name":"wp","href":"https:\/\/api.w.org\/{rel}","templated":true}]}}