{"id":16183,"date":"2016-10-07T22:21:42","date_gmt":"2016-10-07T22:21:42","guid":{"rendered":""},"modified":"2016-10-07T22:21:42","modified_gmt":"2016-10-07T22:21:42","slug":"g-v-entertaintment-da-a-conocer-agenda-de-cartelera-boxistica","status":"publish","type":"post","link":"https:\/\/sertv.gob.pa\/nacionalfm\/g-v-entertaintment-da-a-conocer-agenda-de-cartelera-boxistica\/","title":{"rendered":"G&#038;V Entertaintment da a conocer agenda de cartelera box\u00edstica"},"content":{"rendered":"<p>\nDiego Victoria presidente de la empresa promotora de boxeo G&#038;V Enterteintment, dio a conocer las actividades para el pr\u00f3ximo evento box\u00edstico el 21 de octubre en Los Andes Mall, denominada &ldquo;Mall and Boxing Night&rdquo;, con la pelea estelar entre el clasificado mundial, el chiricano Israel Hidrogo y el venezolano Kleyver Fern\u00e1ndez, en pelea pactada a 115 libras. <\/p>\n<p>El pr\u00f3ximo jueves 13 de octubre en el Fantastic Casino El Dorado, habr\u00e1 conferencia de prensa a las 10:30 de la ma\u00f1ana. <\/p>\n<p>El examen m\u00e9dico se realizar\u00e1 el lunes 17 de octubre en la Cl\u00ednica de la Comisi\u00f3n de Boxeo Profesional de Panam\u00e1 a las 4:00 de la tarde. <\/p>\n<p>La ceremonia del pesaje oficial se efectuar\u00e1 el jueves\u00a0 20 de octubre a las 4:00 de la tarde en Los Andes Mall, en la entrada del Fantastic Casino. <\/p>\n<p>\u00a0 <\/p>\n","protected":false},"excerpt":{"rendered":"<p>Diego Victoria presidente de la empresa promotora de boxeo G&#038;V <a href=\"https:\/\/sertv.gob.pa\/nacionalfm\/g-v-entertaintment-da-a-conocer-agenda-de-cartelera-boxistica\/\"> [&#8230;]<\/a><\/p>\n","protected":false},"author":1,"featured_media":16184,"comment_status":"closed","ping_status":"closed","sticky":false,"template":"","format":"standard","meta":{"footnotes":""},"categories":[4],"tags":[],"class_list":["post-16183","post","type-post","status-publish","format-standard","has-post-thumbnail","hentry","category-deportes"],"_links":{"self":[{"href":"https:\/\/sertv.gob.pa\/nacionalfm\/wp-json\/wp\/v2\/posts\/16183","targetHints":{"allow":["GET"]}}],"collection":[{"href":"https:\/\/sertv.gob.pa\/nacionalfm\/wp-json\/wp\/v2\/posts"}],"about":[{"href":"https:\/\/sertv.gob.pa\/nacionalfm\/wp-json\/wp\/v2\/types\/post"}],"author":[{"embeddable":true,"href":"https:\/\/sertv.gob.pa\/nacionalfm\/wp-json\/wp\/v2\/users\/1"}],"replies":[{"embeddable":true,"href":"https:\/\/sertv.gob.pa\/nacionalfm\/wp-json\/wp\/v2\/comments?post=16183"}],"version-history":[{"count":0,"href":"https:\/\/sertv.gob.pa\/nacionalfm\/wp-json\/wp\/v2\/posts\/16183\/revisions"}],"wp:featuredmedia":[{"embeddable":true,"href":"https:\/\/sertv.gob.pa\/nacionalfm\/wp-json\/wp\/v2\/media\/16184"}],"wp:attachment":[{"href":"https:\/\/sertv.gob.pa\/nacionalfm\/wp-json\/wp\/v2\/media?parent=16183"}],"wp:term":[{"taxonomy":"category","embeddable":true,"href":"https:\/\/sertv.gob.pa\/nacionalfm\/wp-json\/wp\/v2\/categories?post=16183"},{"taxonomy":"post_tag","embeddable":true,"href":"https:\/\/sertv.gob.pa\/nacionalfm\/wp-json\/wp\/v2\/tags?post=16183"}],"curies":[{"name":"wp","href":"https:\/\/api.w.org\/{rel}","templated":true}]}}