{"id":16185,"date":"2016-10-07T23:21:25","date_gmt":"2016-10-07T23:21:25","guid":{"rendered":""},"modified":"2016-10-07T23:21:25","modified_gmt":"2016-10-07T23:21:25","slug":"el-mortero-espitia-rival-de-jaime-arboleda-llega-el-domingo","status":"publish","type":"post","link":"https:\/\/sertv.gob.pa\/nacionalfm\/el-mortero-espitia-rival-de-jaime-arboleda-llega-el-domingo\/","title":{"rendered":"\u201cEl Mortero\u201d Espitia, rival de Jaime Arboleda llega el domingo"},"content":{"rendered":"<p>\nEste domingo 9 de octubre arribar\u00e1 a Panam\u00e1 el p\u00fagil colombiano Eder &ldquo;El Mortero&rdquo; Espitia, pr\u00f3ximo rival del invicto boxeador paname\u00f1o Jaime Arboleda, quienes disputar\u00e1n el t\u00edtulo FEDELATIN superpluma de la Asociaci\u00f3n Mundial de Boxeo, en el Centro de Convenciones Vasco N\u00fa\u00f1ez de Balboa del Hotel Panam\u00e1 este jueves 13 de octubre. <\/p>\n<p>Espitia, llegar\u00e1 a las 3:53 de la tarde, acompa\u00f1ado de su entrenador Rolando Rodr\u00edguez y su apoderado, Andy Espinosa.\u00a0 &ldquo;El Mortero&rdquo; viene con el firme prop\u00f3sito de acabar con el invicto de Jaime Arboleda y, de paso, llevarse a casa el T\u00edtulo. <\/p>\n<p>\u00a0 <\/p>\n","protected":false},"excerpt":{"rendered":"<p>Este domingo 9 de octubre arribar\u00e1 a Panam\u00e1 el p\u00fagil <a href=\"https:\/\/sertv.gob.pa\/nacionalfm\/el-mortero-espitia-rival-de-jaime-arboleda-llega-el-domingo\/\"> [&#8230;]<\/a><\/p>\n","protected":false},"author":1,"featured_media":16186,"comment_status":"closed","ping_status":"closed","sticky":false,"template":"","format":"standard","meta":{"footnotes":""},"categories":[4],"tags":[],"class_list":["post-16185","post","type-post","status-publish","format-standard","has-post-thumbnail","hentry","category-deportes"],"_links":{"self":[{"href":"https:\/\/sertv.gob.pa\/nacionalfm\/wp-json\/wp\/v2\/posts\/16185","targetHints":{"allow":["GET"]}}],"collection":[{"href":"https:\/\/sertv.gob.pa\/nacionalfm\/wp-json\/wp\/v2\/posts"}],"about":[{"href":"https:\/\/sertv.gob.pa\/nacionalfm\/wp-json\/wp\/v2\/types\/post"}],"author":[{"embeddable":true,"href":"https:\/\/sertv.gob.pa\/nacionalfm\/wp-json\/wp\/v2\/users\/1"}],"replies":[{"embeddable":true,"href":"https:\/\/sertv.gob.pa\/nacionalfm\/wp-json\/wp\/v2\/comments?post=16185"}],"version-history":[{"count":0,"href":"https:\/\/sertv.gob.pa\/nacionalfm\/wp-json\/wp\/v2\/posts\/16185\/revisions"}],"wp:featuredmedia":[{"embeddable":true,"href":"https:\/\/sertv.gob.pa\/nacionalfm\/wp-json\/wp\/v2\/media\/16186"}],"wp:attachment":[{"href":"https:\/\/sertv.gob.pa\/nacionalfm\/wp-json\/wp\/v2\/media?parent=16185"}],"wp:term":[{"taxonomy":"category","embeddable":true,"href":"https:\/\/sertv.gob.pa\/nacionalfm\/wp-json\/wp\/v2\/categories?post=16185"},{"taxonomy":"post_tag","embeddable":true,"href":"https:\/\/sertv.gob.pa\/nacionalfm\/wp-json\/wp\/v2\/tags?post=16185"}],"curies":[{"name":"wp","href":"https:\/\/api.w.org\/{rel}","templated":true}]}}