{"id":1620,"date":"2014-09-18T05:00:00","date_gmt":"2014-09-18T05:00:00","guid":{"rendered":""},"modified":"2014-09-18T05:00:00","modified_gmt":"2014-09-18T05:00:00","slug":"muertes-por-ebola-llegan-a-2-622","status":"publish","type":"post","link":"https:\/\/sertv.gob.pa\/nacionalfm\/muertes-por-ebola-llegan-a-2-622\/","title":{"rendered":"Muertes por \u00e9bola llegan a 2.622"},"content":{"rendered":"<p>\nLa Organizaci\u00f3n Mundial de la Salud dijo que se registraron m\u00e1s de 700 casos nuevos de \u00e9bola en el oeste de \u00c1frica en s\u00f3lo una semana y que la epidemia se est\u00e1 acelerando. <\/p>\n<p>La nueva cifra de muertos es de al menos 2.622 y la de infectados asciende a 5.335, de los que 2.710 corresponden \u00fanicamente a Liberia, donde murieron 1.459 personas. La mitad del total de infecciones se registr\u00f3 en las tres \u00faltimas semanas. <\/p>\n<p>El segundo pa\u00eds donde hay m\u00e1s casos acumulados es Sierra Leona, con 1.673, de los que 562 han muerto, mientras que en Guinea los casos hasta ahora suman 942, con 601 muertes. <\/p>\n<p>La OMS expres\u00f3 alarma porque los esfuerzos para detener la transmisi\u00f3n del virus no han dado resultado y el n\u00famero de casos sigue en aumento. <\/p>\n<p>La ONU, de la que depende la OMS, lanz\u00f3 hace dos d\u00edas un nuevo plan internacional de contenci\u00f3n del \u00e9bola para el que se requieren US$1.000 millones. <\/p>\n<p>La OMS tambi\u00e9n inform\u00f3 de un brote separado de \u00e9bola en la Rep\u00fablica Democr\u00e1tica del Congo, RDC, con 71 casos.<br \/>\nAunque se trata de la misma cepa del virus (\u00abzaire\u00bb) que circula en el oeste de \u00c1frica, el brote en la RDC no tiene relaci\u00f3n con el primero, seg\u00fan la organizaci\u00f3n.\u00a0 @nacionalFm <\/p>\n","protected":false},"excerpt":{"rendered":"<p>La Organizaci\u00f3n Mundial de la Salud dijo que se registraron <a href=\"https:\/\/sertv.gob.pa\/nacionalfm\/muertes-por-ebola-llegan-a-2-622\/\"> [&#8230;]<\/a><\/p>\n","protected":false},"author":1,"featured_media":1621,"comment_status":"closed","ping_status":"closed","sticky":false,"template":"","format":"standard","meta":{"footnotes":""},"categories":[5],"tags":[],"class_list":["post-1620","post","type-post","status-publish","format-standard","has-post-thumbnail","hentry","category-salud"],"_links":{"self":[{"href":"https:\/\/sertv.gob.pa\/nacionalfm\/wp-json\/wp\/v2\/posts\/1620","targetHints":{"allow":["GET"]}}],"collection":[{"href":"https:\/\/sertv.gob.pa\/nacionalfm\/wp-json\/wp\/v2\/posts"}],"about":[{"href":"https:\/\/sertv.gob.pa\/nacionalfm\/wp-json\/wp\/v2\/types\/post"}],"author":[{"embeddable":true,"href":"https:\/\/sertv.gob.pa\/nacionalfm\/wp-json\/wp\/v2\/users\/1"}],"replies":[{"embeddable":true,"href":"https:\/\/sertv.gob.pa\/nacionalfm\/wp-json\/wp\/v2\/comments?post=1620"}],"version-history":[{"count":0,"href":"https:\/\/sertv.gob.pa\/nacionalfm\/wp-json\/wp\/v2\/posts\/1620\/revisions"}],"wp:featuredmedia":[{"embeddable":true,"href":"https:\/\/sertv.gob.pa\/nacionalfm\/wp-json\/wp\/v2\/media\/1621"}],"wp:attachment":[{"href":"https:\/\/sertv.gob.pa\/nacionalfm\/wp-json\/wp\/v2\/media?parent=1620"}],"wp:term":[{"taxonomy":"category","embeddable":true,"href":"https:\/\/sertv.gob.pa\/nacionalfm\/wp-json\/wp\/v2\/categories?post=1620"},{"taxonomy":"post_tag","embeddable":true,"href":"https:\/\/sertv.gob.pa\/nacionalfm\/wp-json\/wp\/v2\/tags?post=1620"}],"curies":[{"name":"wp","href":"https:\/\/api.w.org\/{rel}","templated":true}]}}