{"id":16215,"date":"2016-10-10T21:39:25","date_gmt":"2016-10-10T21:39:25","guid":{"rendered":""},"modified":"2016-10-10T21:39:25","modified_gmt":"2016-10-10T21:39:25","slug":"arboleda-y-espitia-se-ven-las-caras-en-conferencia-de-prensa","status":"publish","type":"post","link":"https:\/\/sertv.gob.pa\/nacionalfm\/arboleda-y-espitia-se-ven-las-caras-en-conferencia-de-prensa\/","title":{"rendered":"Arboleda y Espitia se ven las caras en conferencia de prensa"},"content":{"rendered":"<p>\nEn conferencia de prensa Promociones y Eventos del Istmo present\u00f3 los \u00faltimos detalles de la cartelera box\u00edstica que se llevar\u00e1 a cabo este jueves 13 de octubre en el Centro de Convenciones Vasco N\u00fa\u00f1ez de Balboa del Hotel Panam\u00e1, el cual tendr\u00e1 como choque estelar el de Jaime Arboleda de 8 victorias, r\u00e9cord inmaculado con 6 ganadas por K.O. ante el colombiano Eder \u00a0&ldquo;El Torpedo&rdquo; Espitia con\u00a0 10 ganadas, 1 perdida, 4 empates y 8 ganadas por la v\u00eda r\u00e1pida. <\/p>\n<p>La pelea coestelar est\u00e1 a cargo de Jorge &ldquo;El B\u00fafalo&rdquo; S\u00e1nchez, quien le concede la revancha al venezolano Franklin Manzanilla, en otro combate de inter\u00e9s, se miden el darienita C\u00e9sar Rivas ante el coclesano\u00a0 Marcos Mart\u00ednez tambi\u00e9n en combate de revancha. <\/p>\n<p>Juan Delgado de Veraguas se enfrentar\u00e1 al capitalino Edwin Gamboa, en tanto que Robinson Arag\u00f3n pasar\u00e1 una dura prueba ante el venezolano Jorge Navarro. <\/p>\n<p>En combates de choque femenino Yaditza P\u00e9rez de Chiriqu\u00ed ver\u00e1 acci\u00f3n ante la australiana Monique Sciberrasy la colombiana Marcela Nieto ante la paname\u00f1a Marlene Aguilar. <\/p>\n<p>El pesaje se llevar\u00e1 a cabo en el Hotel Caribe a las 4 de la tarde del mi\u00e9rcoles 12. <\/p>\n<p>\u00a0 <\/p>\n","protected":false},"excerpt":{"rendered":"<p>En conferencia de prensa Promociones y Eventos del Istmo present\u00f3 <a href=\"https:\/\/sertv.gob.pa\/nacionalfm\/arboleda-y-espitia-se-ven-las-caras-en-conferencia-de-prensa\/\"> [&#8230;]<\/a><\/p>\n","protected":false},"author":1,"featured_media":16216,"comment_status":"closed","ping_status":"closed","sticky":false,"template":"","format":"standard","meta":{"footnotes":""},"categories":[4],"tags":[],"class_list":["post-16215","post","type-post","status-publish","format-standard","has-post-thumbnail","hentry","category-deportes"],"_links":{"self":[{"href":"https:\/\/sertv.gob.pa\/nacionalfm\/wp-json\/wp\/v2\/posts\/16215","targetHints":{"allow":["GET"]}}],"collection":[{"href":"https:\/\/sertv.gob.pa\/nacionalfm\/wp-json\/wp\/v2\/posts"}],"about":[{"href":"https:\/\/sertv.gob.pa\/nacionalfm\/wp-json\/wp\/v2\/types\/post"}],"author":[{"embeddable":true,"href":"https:\/\/sertv.gob.pa\/nacionalfm\/wp-json\/wp\/v2\/users\/1"}],"replies":[{"embeddable":true,"href":"https:\/\/sertv.gob.pa\/nacionalfm\/wp-json\/wp\/v2\/comments?post=16215"}],"version-history":[{"count":0,"href":"https:\/\/sertv.gob.pa\/nacionalfm\/wp-json\/wp\/v2\/posts\/16215\/revisions"}],"wp:featuredmedia":[{"embeddable":true,"href":"https:\/\/sertv.gob.pa\/nacionalfm\/wp-json\/wp\/v2\/media\/16216"}],"wp:attachment":[{"href":"https:\/\/sertv.gob.pa\/nacionalfm\/wp-json\/wp\/v2\/media?parent=16215"}],"wp:term":[{"taxonomy":"category","embeddable":true,"href":"https:\/\/sertv.gob.pa\/nacionalfm\/wp-json\/wp\/v2\/categories?post=16215"},{"taxonomy":"post_tag","embeddable":true,"href":"https:\/\/sertv.gob.pa\/nacionalfm\/wp-json\/wp\/v2\/tags?post=16215"}],"curies":[{"name":"wp","href":"https:\/\/api.w.org\/{rel}","templated":true}]}}