{"id":16217,"date":"2016-10-10T21:40:11","date_gmt":"2016-10-10T21:40:11","guid":{"rendered":""},"modified":"2016-10-10T21:40:11","modified_gmt":"2016-10-10T21:40:11","slug":"el-zika-seguira-aumentando-en-asia-pacifico","status":"publish","type":"post","link":"https:\/\/sertv.gob.pa\/nacionalfm\/el-zika-seguira-aumentando-en-asia-pacifico\/","title":{"rendered":"El zika seguir\u00e1 aumentando en Asia-Pac\u00edfico"},"content":{"rendered":"<p>\nLas infecciones de  zika  seguir\u00e1n aumentando en la regi\u00f3n de Asia y el Pac\u00edfico, advirti\u00f3 la  Organizaci\u00f3n Mundial de la Salud (OMS) , por lo cual las autoridades est\u00e1n incrementando las medidas de vigilancia, prepar\u00e1ndose para responder a complicaciones y compartiendo  informaci\u00f3n sobre la enfermedad . <\/p>\n<p>Algo que complicar\u00e1 la lucha contra el virus transmitido por mosquitos es la falta de un enfoque \u00aba toda prueba\u00bb para el control de estos insectos, como lo han mostrado d\u00e9cadas de esfuerzos para contener el virus del dengue, precis\u00f3 la directora general de la OMS, Margaret Chan, en un discurso durante una reuni\u00f3n del organismo mundial de la salud para la regi\u00f3n del Pac\u00edfico Occidental. <\/p>\n<p>Manifest\u00f3 que entre otras preguntas que quedan por despejarse est\u00e1 la de por qu\u00e9 los primeros indicios de la existencia del virus en la regi\u00f3n de Asia y el Pac\u00edfico vinieron de viajeros cuyas infecciones fueron confirmadas una vez que regresaron a sus hogares. <\/p>\n<p>\u00ab\u00bfEs una indicaci\u00f3n de inmunidad de toda la poblaci\u00f3n o es prueba de que el virus ha adquirido de alguna manera un mayor potencial epid\u00e9mico?\u00bb, pregunt\u00f3. <\/p>\n<p>Los s\u00edntomas del  virus de zika  son leves y no se han reportado muertes a nivel mundial, expres\u00f3 la doctora Li Ailan, directora de seguridad y emergencias sanitarias en la oficina de la OMS para la regi\u00f3n del Pac\u00edfico Occidental. Sin embargo, dijo que con base en la evaluaci\u00f3n de riesgos de la OMS, la infecci\u00f3n viral del zika continuar\u00e1 extendi\u00e9ndose en la regi\u00f3n y las autoridades est\u00e1n preparando para complicaciones, que incluyen microcefalia y el s\u00edndrome de Guillain-Barr\u00e9. <\/p>\n<p>La regi\u00f3n del Pac\u00edfico occidental es la segunda regi\u00f3n m\u00e1s afectada por el zika en el mundo, agreg\u00f3 Li. Diecinueve de los 27 pa\u00edses han informado de casos de zika desde 2007 y 13 de ellos este a\u00f1o. <\/p>\n<p>\u00a0 <\/p>\n","protected":false},"excerpt":{"rendered":"<p>Las infecciones de zika seguir\u00e1n aumentando en la regi\u00f3n de <a href=\"https:\/\/sertv.gob.pa\/nacionalfm\/el-zika-seguira-aumentando-en-asia-pacifico\/\"> [&#8230;]<\/a><\/p>\n","protected":false},"author":1,"featured_media":16218,"comment_status":"closed","ping_status":"closed","sticky":false,"template":"","format":"standard","meta":{"footnotes":""},"categories":[5],"tags":[],"class_list":["post-16217","post","type-post","status-publish","format-standard","has-post-thumbnail","hentry","category-salud"],"_links":{"self":[{"href":"https:\/\/sertv.gob.pa\/nacionalfm\/wp-json\/wp\/v2\/posts\/16217","targetHints":{"allow":["GET"]}}],"collection":[{"href":"https:\/\/sertv.gob.pa\/nacionalfm\/wp-json\/wp\/v2\/posts"}],"about":[{"href":"https:\/\/sertv.gob.pa\/nacionalfm\/wp-json\/wp\/v2\/types\/post"}],"author":[{"embeddable":true,"href":"https:\/\/sertv.gob.pa\/nacionalfm\/wp-json\/wp\/v2\/users\/1"}],"replies":[{"embeddable":true,"href":"https:\/\/sertv.gob.pa\/nacionalfm\/wp-json\/wp\/v2\/comments?post=16217"}],"version-history":[{"count":0,"href":"https:\/\/sertv.gob.pa\/nacionalfm\/wp-json\/wp\/v2\/posts\/16217\/revisions"}],"wp:featuredmedia":[{"embeddable":true,"href":"https:\/\/sertv.gob.pa\/nacionalfm\/wp-json\/wp\/v2\/media\/16218"}],"wp:attachment":[{"href":"https:\/\/sertv.gob.pa\/nacionalfm\/wp-json\/wp\/v2\/media?parent=16217"}],"wp:term":[{"taxonomy":"category","embeddable":true,"href":"https:\/\/sertv.gob.pa\/nacionalfm\/wp-json\/wp\/v2\/categories?post=16217"},{"taxonomy":"post_tag","embeddable":true,"href":"https:\/\/sertv.gob.pa\/nacionalfm\/wp-json\/wp\/v2\/tags?post=16217"}],"curies":[{"name":"wp","href":"https:\/\/api.w.org\/{rel}","templated":true}]}}