{"id":16219,"date":"2016-10-10T21:55:00","date_gmt":"2016-10-10T21:55:00","guid":{"rendered":""},"modified":"2016-10-10T21:55:00","modified_gmt":"2016-10-10T21:55:00","slug":"la-anorexia-tambien-afecta-a-los-hombres","status":"publish","type":"post","link":"https:\/\/sertv.gob.pa\/nacionalfm\/la-anorexia-tambien-afecta-a-los-hombres\/","title":{"rendered":"La anorexia tambi\u00e9n afecta a los hombres"},"content":{"rendered":"<p>\nCada tentempi\u00e9 que se llevan a la boca lo consideran como un arma para su f\u00edsico, pues no quieren ganar peso. Esta es la sensaci\u00f3n de aquellos que viven en manos de la  anorexia . <\/p>\n<p>Se trata de un  trastorno alimenticio  que se caracteriza por el miedo intenso a ganar peso o a convertirse en obeso, o una conducta persistente para evitar ganar peso, incluso estando por debajo del peso normal, seg\u00fan los criterios del  Manual de Trastornos Mentales . <\/p>\n<p>Aunque afecta mayormente a las \u00a0mujeres, los hombres no est\u00e1n exentos de padecerla, indica Jorge Rodr\u00edguez Sotomayor, m\u00e9dico familiar y subdirector nacional de Promoci\u00f3n de Salud del  Ministerio de Salud . <\/p>\n<p>En Panam\u00e1\u00a0  no hay cifras sobre este padecimiento . <\/p>\n<p>&ldquo;Por ser una enfermedad o trastorno mental, que no es diagnosticado a diario, no hay cifras&rdquo;, opina Maritza Graciela R\u00edos Castillo, nutricionista especialista en este tipo de problemas, hoy en el  D\u00eda Mundial de la Salud Mental . <\/p>\n<p>No obstante, la  Organizaci\u00f3n Mundial de la Salud  (OMS) calcula que afecta a entre el  0.5% y el 3% de la poblaci\u00f3n global de adolescentes , convirti\u00e9ndose en la tercera enfermedad cr\u00f3nica m\u00e1s com\u00fan entre este grupo. De este porcentaje, entre el 5% y el 10% corresponde a los hombres. <\/p>\n<p>La organizaci\u00f3n ha clasificado la anorexia como un trastorno mental y del comportamiento. <\/p>\n","protected":false},"excerpt":{"rendered":"<p>Cada tentempi\u00e9 que se llevan a la boca lo consideran <a href=\"https:\/\/sertv.gob.pa\/nacionalfm\/la-anorexia-tambien-afecta-a-los-hombres\/\"> [&#8230;]<\/a><\/p>\n","protected":false},"author":1,"featured_media":16220,"comment_status":"closed","ping_status":"closed","sticky":false,"template":"","format":"standard","meta":{"footnotes":""},"categories":[5],"tags":[],"class_list":["post-16219","post","type-post","status-publish","format-standard","has-post-thumbnail","hentry","category-salud"],"_links":{"self":[{"href":"https:\/\/sertv.gob.pa\/nacionalfm\/wp-json\/wp\/v2\/posts\/16219","targetHints":{"allow":["GET"]}}],"collection":[{"href":"https:\/\/sertv.gob.pa\/nacionalfm\/wp-json\/wp\/v2\/posts"}],"about":[{"href":"https:\/\/sertv.gob.pa\/nacionalfm\/wp-json\/wp\/v2\/types\/post"}],"author":[{"embeddable":true,"href":"https:\/\/sertv.gob.pa\/nacionalfm\/wp-json\/wp\/v2\/users\/1"}],"replies":[{"embeddable":true,"href":"https:\/\/sertv.gob.pa\/nacionalfm\/wp-json\/wp\/v2\/comments?post=16219"}],"version-history":[{"count":0,"href":"https:\/\/sertv.gob.pa\/nacionalfm\/wp-json\/wp\/v2\/posts\/16219\/revisions"}],"wp:featuredmedia":[{"embeddable":true,"href":"https:\/\/sertv.gob.pa\/nacionalfm\/wp-json\/wp\/v2\/media\/16220"}],"wp:attachment":[{"href":"https:\/\/sertv.gob.pa\/nacionalfm\/wp-json\/wp\/v2\/media?parent=16219"}],"wp:term":[{"taxonomy":"category","embeddable":true,"href":"https:\/\/sertv.gob.pa\/nacionalfm\/wp-json\/wp\/v2\/categories?post=16219"},{"taxonomy":"post_tag","embeddable":true,"href":"https:\/\/sertv.gob.pa\/nacionalfm\/wp-json\/wp\/v2\/tags?post=16219"}],"curies":[{"name":"wp","href":"https:\/\/api.w.org\/{rel}","templated":true}]}}