{"id":16247,"date":"2016-10-11T21:40:36","date_gmt":"2016-10-11T21:40:36","guid":{"rendered":""},"modified":"2016-10-11T21:40:36","modified_gmt":"2016-10-11T21:40:36","slug":"hay-personas-que-tienen-zika-y-lo-desconocen","status":"publish","type":"post","link":"https:\/\/sertv.gob.pa\/nacionalfm\/hay-personas-que-tienen-zika-y-lo-desconocen\/","title":{"rendered":"Hay personas que tienen zika y lo desconocen"},"content":{"rendered":"<p>\nEl 80% de las personas que est\u00e1n contagiadas con el virus del Zika no lo saben, indic\u00f3 Nestor Sosa, director del Instituto Conmemorativo Gorgas, para explicar que se est\u00e1 ante una enfermedad que act\u00faa de forma silenciosa. <\/p>\n<p>Sosa se\u00f1al\u00f3 que esto demuestra que en el pa\u00eds hay una cifra oculta que demuestra que el n\u00famero de personas contagiadas con Zika puede ser mayor a los reportes de personas infectadas. <\/p>\n<p>La raz\u00f3n de estos casos ocultos de zika se debe a que se est\u00e1 ante una enfermedad que no presenta s\u00edntomas, indic\u00f3 Sosa, al tiempo que manifest\u00f3 que en estos momentos se est\u00e1 ante una \u00e9poca de repunte de la enfermedad. <\/p>\n<p>Revel\u00f3 que en estos momentos hay 443 casos confirmados de zika, de los cuales se han reportado 21 casos nuevos durante la semana pasada. <\/p>\n<p>Expres\u00f3 Sosa que el peligro de estas enfermedad se concentra m\u00e1s en los casos de mujeres embarazadas, ya que el virus produce mal formaciones cong\u00e9nitas, por esta raz\u00f3n en estos casos se recomienda la atenci\u00f3n oportuna para darle seguimiento al ciclo de embarazo para \u00a0evitar da\u00f1os severos al bebe. <\/p>\n<p>\u00a0 <\/p>\n<p>\u00a0 <\/p>\n","protected":false},"excerpt":{"rendered":"<p>El 80% de las personas que est\u00e1n contagiadas con el <a href=\"https:\/\/sertv.gob.pa\/nacionalfm\/hay-personas-que-tienen-zika-y-lo-desconocen\/\"> [&#8230;]<\/a><\/p>\n","protected":false},"author":1,"featured_media":16248,"comment_status":"closed","ping_status":"closed","sticky":false,"template":"","format":"standard","meta":{"footnotes":""},"categories":[5],"tags":[],"class_list":["post-16247","post","type-post","status-publish","format-standard","has-post-thumbnail","hentry","category-salud"],"_links":{"self":[{"href":"https:\/\/sertv.gob.pa\/nacionalfm\/wp-json\/wp\/v2\/posts\/16247","targetHints":{"allow":["GET"]}}],"collection":[{"href":"https:\/\/sertv.gob.pa\/nacionalfm\/wp-json\/wp\/v2\/posts"}],"about":[{"href":"https:\/\/sertv.gob.pa\/nacionalfm\/wp-json\/wp\/v2\/types\/post"}],"author":[{"embeddable":true,"href":"https:\/\/sertv.gob.pa\/nacionalfm\/wp-json\/wp\/v2\/users\/1"}],"replies":[{"embeddable":true,"href":"https:\/\/sertv.gob.pa\/nacionalfm\/wp-json\/wp\/v2\/comments?post=16247"}],"version-history":[{"count":0,"href":"https:\/\/sertv.gob.pa\/nacionalfm\/wp-json\/wp\/v2\/posts\/16247\/revisions"}],"wp:featuredmedia":[{"embeddable":true,"href":"https:\/\/sertv.gob.pa\/nacionalfm\/wp-json\/wp\/v2\/media\/16248"}],"wp:attachment":[{"href":"https:\/\/sertv.gob.pa\/nacionalfm\/wp-json\/wp\/v2\/media?parent=16247"}],"wp:term":[{"taxonomy":"category","embeddable":true,"href":"https:\/\/sertv.gob.pa\/nacionalfm\/wp-json\/wp\/v2\/categories?post=16247"},{"taxonomy":"post_tag","embeddable":true,"href":"https:\/\/sertv.gob.pa\/nacionalfm\/wp-json\/wp\/v2\/tags?post=16247"}],"curies":[{"name":"wp","href":"https:\/\/api.w.org\/{rel}","templated":true}]}}