{"id":16267,"date":"2016-10-12T16:06:48","date_gmt":"2016-10-12T16:06:48","guid":{"rendered":""},"modified":"2016-10-12T16:06:48","modified_gmt":"2016-10-12T16:06:48","slug":"arboleda-y-espitia-hoy-a-la-balanza-para-reto-de-valientes","status":"publish","type":"post","link":"https:\/\/sertv.gob.pa\/nacionalfm\/arboleda-y-espitia-hoy-a-la-balanza-para-reto-de-valientes\/","title":{"rendered":"Arboleda y Espitia hoy a la balanza para \u201cReto de Valientes\u201d"},"content":{"rendered":"<p>\nHoy a las cuatro de la tarde en la azotea del Hotel Caribe se llevar\u00e1 a cabo la ceremonia del pesaje de la cartelera box\u00edstica &ldquo;Reto de Valientes&rdquo; que se efectuar\u00e1 ma\u00f1ana en el Centro de Convenciones Vasco N\u00fa\u00f1ez de Balboa del Hotel Panam\u00e1. <\/p>\n<p>En la pelea estelar se ver\u00e1n las caras el invicto y clasificado n\u00famero 11 de los supeplumas de la Asociaci\u00f3n Mundial de Boxeo Jaime Arboleda ante el fuerte pegador colombiano Eder &ldquo;El Mortero&rdquo; Espitia, estos boxeadores se estar\u00e1n disputando el titulo FEDELATIN de la divisi\u00f3n, de la AMB. <\/p>\n<p>En otros combates se medir\u00e1n a la b\u00e1scula Jorge &ldquo;El B\u00fafalo&rdquo; S\u00e1nchez quien le concede la revancha al venezolano Franklin Manzanilla, el darienita C\u00e9sar Rivas hace un tanto igual ante el coclesano Marcos Mart\u00ednez, en tanto que Edwin Gamboa se las ver\u00e1 ante el verag\u00fcense Juan Delgado. <\/p>\n<p>Robinson Arag\u00f3n tendr\u00e1 una dura prueba ante el experimentado p\u00fagil venezolano Jorge Navarro, y en combates femeninos la chiricana Yaditza P\u00e9rez le har\u00e1 frente a la australiana Monique Sciberras y la colombiana Marcela Nieto har\u00e1 su debut en las filas profesionales ante Marlene Aguilar. <\/p>\n<p>\u00a0 <\/p>\n","protected":false},"excerpt":{"rendered":"<p>Hoy a las cuatro de la tarde en la azotea <a href=\"https:\/\/sertv.gob.pa\/nacionalfm\/arboleda-y-espitia-hoy-a-la-balanza-para-reto-de-valientes\/\"> [&#8230;]<\/a><\/p>\n","protected":false},"author":1,"featured_media":16268,"comment_status":"closed","ping_status":"closed","sticky":false,"template":"","format":"standard","meta":{"footnotes":""},"categories":[4],"tags":[],"class_list":["post-16267","post","type-post","status-publish","format-standard","has-post-thumbnail","hentry","category-deportes"],"_links":{"self":[{"href":"https:\/\/sertv.gob.pa\/nacionalfm\/wp-json\/wp\/v2\/posts\/16267","targetHints":{"allow":["GET"]}}],"collection":[{"href":"https:\/\/sertv.gob.pa\/nacionalfm\/wp-json\/wp\/v2\/posts"}],"about":[{"href":"https:\/\/sertv.gob.pa\/nacionalfm\/wp-json\/wp\/v2\/types\/post"}],"author":[{"embeddable":true,"href":"https:\/\/sertv.gob.pa\/nacionalfm\/wp-json\/wp\/v2\/users\/1"}],"replies":[{"embeddable":true,"href":"https:\/\/sertv.gob.pa\/nacionalfm\/wp-json\/wp\/v2\/comments?post=16267"}],"version-history":[{"count":0,"href":"https:\/\/sertv.gob.pa\/nacionalfm\/wp-json\/wp\/v2\/posts\/16267\/revisions"}],"wp:featuredmedia":[{"embeddable":true,"href":"https:\/\/sertv.gob.pa\/nacionalfm\/wp-json\/wp\/v2\/media\/16268"}],"wp:attachment":[{"href":"https:\/\/sertv.gob.pa\/nacionalfm\/wp-json\/wp\/v2\/media?parent=16267"}],"wp:term":[{"taxonomy":"category","embeddable":true,"href":"https:\/\/sertv.gob.pa\/nacionalfm\/wp-json\/wp\/v2\/categories?post=16267"},{"taxonomy":"post_tag","embeddable":true,"href":"https:\/\/sertv.gob.pa\/nacionalfm\/wp-json\/wp\/v2\/tags?post=16267"}],"curies":[{"name":"wp","href":"https:\/\/api.w.org\/{rel}","templated":true}]}}