{"id":16281,"date":"2016-10-12T21:32:48","date_gmt":"2016-10-12T21:32:48","guid":{"rendered":""},"modified":"2016-10-12T21:32:48","modified_gmt":"2016-10-12T21:32:48","slug":"pesticidas-en-el-100-de-los-cereales-no-ecologicos","status":"publish","type":"post","link":"https:\/\/sertv.gob.pa\/nacionalfm\/pesticidas-en-el-100-de-los-cereales-no-ecologicos\/","title":{"rendered":"Pesticidas en el 100% de los cereales no ecol\u00f3gicos"},"content":{"rendered":"<p>\nEl 100 % de los cereales de desayuno no ecol\u00f3gicos analizados en un estudio por la ONG francesa G\u00e9n\u00e9rations Futures contienen residuos de pesticidas, revel\u00f3 esa entidad en un comunicado. <\/p>\n<p>La organizaci\u00f3n evalu\u00f3 una muestra de 15 cereales no ecol\u00f3gicos y cinco cereales ecol\u00f3gicos, de grandes marcas, como Kellogg&#8217;s, Nestl\u00e9 y Jordans, o grandes distribuidores como Auchan, Leclerc o Carrefour. <\/p>\n<p>Los an\u00e1lisis arrojaron que en todos los cereales no ecol\u00f3gicos hab\u00eda presencia de pesticidas, mientras que no hab\u00eda ninguna en los cereales ecol\u00f3gicos. <\/p>\n<p>Analizadas de forma individual, las cantidades de cada pesticida encontrada en las muestras de cereales no representan un riesgo para la salud humana, indic\u00f3 la organizaci\u00f3n. <\/p>\n<p>Sin embargo, la ONG alert\u00f3 sobre el riesgo de los llamados c\u00f3cteles, o la combinaci\u00f3n de varios qu\u00edmicos capaces de provocar serios da\u00f1os a la salud. <\/p>\n<p>&lsquo;Entre las 15 muestras no ecol\u00f3gicas analizadas, se encontraron 141 residuos&#8217; de pesticidas, se\u00f1al\u00f3 el comunicado. <\/p>\n<p>G\u00e9n\u00e9rations Futures detall\u00f3 que de los 141 residuos, 81, casi el 60 %, &lsquo;son sospechosos de ser disruptores endocrino&#8217;, sustancias qu\u00edmicas capaces de alterar el sistema hormonal y causar problemas de salud, tales como &lsquo;disminuci\u00f3n de la fertilidad, diabetes y efectos al sistema inmunol\u00f3gico o respiratorio&#8217;, seg\u00fan la ONG. <\/p>\n<p>Adquiridas en supermercados de la regi\u00f3n de los Altos de Francia, al norte del pa\u00eds, las muestras de cereales para el desayuno no ecol\u00f3gicos revelaron &lsquo;una media de 9,4 residuos&#8217; de pesticidas, de los cuales &lsquo;4,6 pesticidas son sospechosos de ser PE&#8217;, a\u00f1adi\u00f3 la organizaci\u00f3n. <\/p>\n<p>G\u00e9n\u00e9rations Futures es una organizaci\u00f3n no gubernamental dedicada a estudiar los peligros de los pesticidas para el consumo humano y el medioambiente. <\/p>\n<p>\u00a0 <\/p>\n","protected":false},"excerpt":{"rendered":"<p>El 100 % de los cereales de desayuno no ecol\u00f3gicos <a href=\"https:\/\/sertv.gob.pa\/nacionalfm\/pesticidas-en-el-100-de-los-cereales-no-ecologicos\/\"> [&#8230;]<\/a><\/p>\n","protected":false},"author":1,"featured_media":16282,"comment_status":"closed","ping_status":"closed","sticky":false,"template":"","format":"standard","meta":{"footnotes":""},"categories":[5],"tags":[],"class_list":["post-16281","post","type-post","status-publish","format-standard","has-post-thumbnail","hentry","category-salud"],"_links":{"self":[{"href":"https:\/\/sertv.gob.pa\/nacionalfm\/wp-json\/wp\/v2\/posts\/16281","targetHints":{"allow":["GET"]}}],"collection":[{"href":"https:\/\/sertv.gob.pa\/nacionalfm\/wp-json\/wp\/v2\/posts"}],"about":[{"href":"https:\/\/sertv.gob.pa\/nacionalfm\/wp-json\/wp\/v2\/types\/post"}],"author":[{"embeddable":true,"href":"https:\/\/sertv.gob.pa\/nacionalfm\/wp-json\/wp\/v2\/users\/1"}],"replies":[{"embeddable":true,"href":"https:\/\/sertv.gob.pa\/nacionalfm\/wp-json\/wp\/v2\/comments?post=16281"}],"version-history":[{"count":0,"href":"https:\/\/sertv.gob.pa\/nacionalfm\/wp-json\/wp\/v2\/posts\/16281\/revisions"}],"wp:featuredmedia":[{"embeddable":true,"href":"https:\/\/sertv.gob.pa\/nacionalfm\/wp-json\/wp\/v2\/media\/16282"}],"wp:attachment":[{"href":"https:\/\/sertv.gob.pa\/nacionalfm\/wp-json\/wp\/v2\/media?parent=16281"}],"wp:term":[{"taxonomy":"category","embeddable":true,"href":"https:\/\/sertv.gob.pa\/nacionalfm\/wp-json\/wp\/v2\/categories?post=16281"},{"taxonomy":"post_tag","embeddable":true,"href":"https:\/\/sertv.gob.pa\/nacionalfm\/wp-json\/wp\/v2\/tags?post=16281"}],"curies":[{"name":"wp","href":"https:\/\/api.w.org\/{rel}","templated":true}]}}