{"id":16307,"date":"2016-10-13T21:53:15","date_gmt":"2016-10-13T21:53:15","guid":{"rendered":""},"modified":"2016-10-13T21:53:15","modified_gmt":"2016-10-13T21:53:15","slug":"desfibriladores-externos-automaticos-en-espacios-publicos-salvan-vidas","status":"publish","type":"post","link":"https:\/\/sertv.gob.pa\/nacionalfm\/desfibriladores-externos-automaticos-en-espacios-publicos-salvan-vidas\/","title":{"rendered":"Desfibriladores externos autom\u00e1ticos en espacios p\u00fablicos salvan vidas"},"content":{"rendered":"<p>\nLas enfermedades del coraz\u00f3n se hallan entre las principales causas de muerte en Panam\u00e1 y el mundo. De estas, un porcentaje significativo corresponde a lo que se conoce como &lsquo;muerte s\u00fabita&#8217;, cuando una persona en aparente buena salud experimenta una parada card\u00edaca repentina. <\/p>\n<p>Seg\u00fan Eric Karabut, especialista en arritmias y estimulaci\u00f3n card\u00edaca, la fibrilaci\u00f3n ventricular es la principal causante de estas muertes. Se trata de un tipo de arritmia &mdash;o ritmo card\u00edaco irregular&mdash; que puede ser letal si no se interviene en el momento. <\/p>\n<p>El problema es que la mayor\u00eda de estos casos suceden fuera del hospital o centro de salud y solo se cuenta con un margen de tiempo estrecho para salvarle la vida al paciente. <\/p>\n<p>Iniciativas se han presentado, entre ellas la de Philips que ha lanzado la campa\u00f1a &lsquo;H\u00e9roe com\u00fan&#8217; para subrayar la importancia de contar con desfibriladores externos autom\u00e1ticos (DEA) en espacios p\u00fablicos. Se trata de un equipo inteligente, que no requiere la presencia de un especialista de la salud para usarse, y que podr\u00eda marcar la diferencia entre la vida y la muerte de alguien. <\/p>\n<p>&lsquo;La fibrilaci\u00f3n ventricular se manifiesta con p\u00e9rdida de la conciencia y del pulso&#8217;, explica Karabut. &lsquo;Al conectarse los parches a la persona que ha tenido la p\u00e9rdida de conciencia, se analiza autom\u00e1ticamente el ritmo card\u00edaco y si el aparato diagnostica fibrilaci\u00f3n ventricular le aplica una descarga el\u00e9ctrica para detener la arritmia&#8217;. <\/p>\n<p>Por otro lado, Erick Berm\u00fadez, gerente regional de mercadeo para atenci\u00f3n terap\u00e9utica de Philips, considera que se debe trabajar para que la gente le pierda el miedo al aparato. <\/p>\n<p>&lsquo;La gente tiene miedo a actuar y usar un equipo de esos, piensan que pueden causarle un da\u00f1o a la persona&#8217;, manifiesta. Pero eso todo lo contrario, los DEA son intuitivos y f\u00e1ciles de utilizar. La falta de acci\u00f3n es mucho m\u00e1s da\u00f1ina para una v\u00edctima de fibrilaci\u00f3n ventricular. <\/p>\n<p>Ya varios pa\u00edses en la regi\u00f3n han adoptado leyes que requieren la instalaci\u00f3n de DEAs en espacios p\u00fablicos. Otros se encuentran en proceso de aprobarlas. <\/p>\n<p>En Panam\u00e1 se present\u00f3 en 2005 el Proyecto de Ley N\u00ba 74 que establece el acceso p\u00fablico a la desfibrilaci\u00f3n y detalla la importancia de que una persona con parada cardiaca pueda recibir asistencia inmediata. A la fecha, la ley no ha sido promulgada. <\/p>\n<p>De llegarse a implementar, ser\u00eda una herramienta \u00fatil para la prevenci\u00f3n de muertes prematuras. <\/p>\n<p>En la opini\u00f3n de Karabut &lsquo;es algo necesario, que salva vidas&#8217;. <\/p>\n<p>\u00a0 <\/p>\n","protected":false},"excerpt":{"rendered":"<p>Las enfermedades del coraz\u00f3n se hallan entre las principales causas <a href=\"https:\/\/sertv.gob.pa\/nacionalfm\/desfibriladores-externos-automaticos-en-espacios-publicos-salvan-vidas\/\"> [&#8230;]<\/a><\/p>\n","protected":false},"author":1,"featured_media":16308,"comment_status":"closed","ping_status":"closed","sticky":false,"template":"","format":"standard","meta":{"footnotes":""},"categories":[5],"tags":[],"class_list":["post-16307","post","type-post","status-publish","format-standard","has-post-thumbnail","hentry","category-salud"],"_links":{"self":[{"href":"https:\/\/sertv.gob.pa\/nacionalfm\/wp-json\/wp\/v2\/posts\/16307","targetHints":{"allow":["GET"]}}],"collection":[{"href":"https:\/\/sertv.gob.pa\/nacionalfm\/wp-json\/wp\/v2\/posts"}],"about":[{"href":"https:\/\/sertv.gob.pa\/nacionalfm\/wp-json\/wp\/v2\/types\/post"}],"author":[{"embeddable":true,"href":"https:\/\/sertv.gob.pa\/nacionalfm\/wp-json\/wp\/v2\/users\/1"}],"replies":[{"embeddable":true,"href":"https:\/\/sertv.gob.pa\/nacionalfm\/wp-json\/wp\/v2\/comments?post=16307"}],"version-history":[{"count":0,"href":"https:\/\/sertv.gob.pa\/nacionalfm\/wp-json\/wp\/v2\/posts\/16307\/revisions"}],"wp:featuredmedia":[{"embeddable":true,"href":"https:\/\/sertv.gob.pa\/nacionalfm\/wp-json\/wp\/v2\/media\/16308"}],"wp:attachment":[{"href":"https:\/\/sertv.gob.pa\/nacionalfm\/wp-json\/wp\/v2\/media?parent=16307"}],"wp:term":[{"taxonomy":"category","embeddable":true,"href":"https:\/\/sertv.gob.pa\/nacionalfm\/wp-json\/wp\/v2\/categories?post=16307"},{"taxonomy":"post_tag","embeddable":true,"href":"https:\/\/sertv.gob.pa\/nacionalfm\/wp-json\/wp\/v2\/tags?post=16307"}],"curies":[{"name":"wp","href":"https:\/\/api.w.org\/{rel}","templated":true}]}}