{"id":16323,"date":"2016-10-14T15:43:07","date_gmt":"2016-10-14T15:43:07","guid":{"rendered":""},"modified":"2016-10-14T15:43:07","modified_gmt":"2016-10-14T15:43:07","slug":"lpb-se-traslada-manana-a-penonome","status":"publish","type":"post","link":"https:\/\/sertv.gob.pa\/nacionalfm\/lpb-se-traslada-manana-a-penonome\/","title":{"rendered":"LPB se traslada ma\u00f1ana a Penonom\u00e9"},"content":{"rendered":"<p>\nEste s\u00e1bado la Liga Profesional de Baloncesto se traslada al gimnasio Algis &ldquo;Cuteco&rdquo; Moreno de Penonom\u00e9 a las 8: 00 de la noche, en donde los Caballos de Cocl\u00e9 reciben a las \u00c1guilas de R\u00edo Abajo. <\/p>\n<p>El domingo cierran la jornada en el gimnasio de la USMA a las 7:00 de la noche los Halcones de Calle P y los Toros de Chiriqu\u00ed. <\/p>\n<p>Se reitera que hoy a las 8:00 de la noche La Panteras de Parque Lefevre intentar\u00e1n asegurar el pase a semifinales de vencer a los Correcaminos de Col\u00f3n. <\/p>\n<p>Este partido ser\u00e1 transmitido por Sertv y Nacional FM. <\/p>\n","protected":false},"excerpt":{"rendered":"<p>Este s\u00e1bado la Liga Profesional de Baloncesto se traslada al <a href=\"https:\/\/sertv.gob.pa\/nacionalfm\/lpb-se-traslada-manana-a-penonome\/\"> [&#8230;]<\/a><\/p>\n","protected":false},"author":1,"featured_media":16324,"comment_status":"closed","ping_status":"closed","sticky":false,"template":"","format":"standard","meta":{"footnotes":""},"categories":[4],"tags":[],"class_list":["post-16323","post","type-post","status-publish","format-standard","has-post-thumbnail","hentry","category-deportes"],"_links":{"self":[{"href":"https:\/\/sertv.gob.pa\/nacionalfm\/wp-json\/wp\/v2\/posts\/16323","targetHints":{"allow":["GET"]}}],"collection":[{"href":"https:\/\/sertv.gob.pa\/nacionalfm\/wp-json\/wp\/v2\/posts"}],"about":[{"href":"https:\/\/sertv.gob.pa\/nacionalfm\/wp-json\/wp\/v2\/types\/post"}],"author":[{"embeddable":true,"href":"https:\/\/sertv.gob.pa\/nacionalfm\/wp-json\/wp\/v2\/users\/1"}],"replies":[{"embeddable":true,"href":"https:\/\/sertv.gob.pa\/nacionalfm\/wp-json\/wp\/v2\/comments?post=16323"}],"version-history":[{"count":0,"href":"https:\/\/sertv.gob.pa\/nacionalfm\/wp-json\/wp\/v2\/posts\/16323\/revisions"}],"wp:featuredmedia":[{"embeddable":true,"href":"https:\/\/sertv.gob.pa\/nacionalfm\/wp-json\/wp\/v2\/media\/16324"}],"wp:attachment":[{"href":"https:\/\/sertv.gob.pa\/nacionalfm\/wp-json\/wp\/v2\/media?parent=16323"}],"wp:term":[{"taxonomy":"category","embeddable":true,"href":"https:\/\/sertv.gob.pa\/nacionalfm\/wp-json\/wp\/v2\/categories?post=16323"},{"taxonomy":"post_tag","embeddable":true,"href":"https:\/\/sertv.gob.pa\/nacionalfm\/wp-json\/wp\/v2\/tags?post=16323"}],"curies":[{"name":"wp","href":"https:\/\/api.w.org\/{rel}","templated":true}]}}