{"id":16336,"date":"2016-10-14T22:22:41","date_gmt":"2016-10-14T22:22:41","guid":{"rendered":""},"modified":"2016-10-14T22:22:41","modified_gmt":"2016-10-14T22:22:41","slug":"nueva-zona-de-transmision-del-zika-se-identifica-en-florida","status":"publish","type":"post","link":"https:\/\/sertv.gob.pa\/nacionalfm\/nueva-zona-de-transmision-del-zika-se-identifica-en-florida\/","title":{"rendered":"Nueva zona de transmisi\u00f3n del zika se identifica en Florida"},"content":{"rendered":"<p>\nLas  autoridades de Salud de Florida  identificaron otro vecindario de  Miami \u00a0donde los mosquitos han transmitido el  virus del zika  a personas, se inform\u00f3 ayer jueves. <\/p>\n<p>La oficina del gobernador Rick Scott anunci\u00f3 que  5 personas  fueron infectadas de zika en un \u00e1rea de 2.5 kil\u00f3metros cuadrados (1 milla cuadrada) en la ciudad, justamente al norte del vecindario  Little Haiti . <\/p>\n<p>Seg\u00fan el comunicado, el  Departamento de Salud de Florida  hab\u00eda anunciado antes que cuatro de los casos estaban en investigaci\u00f3n. El quinto fue confirmado ayer jueves. <\/p>\n<p>La oficina de Scott se\u00f1al\u00f3 que el n\u00famero de casos ratifica el criterio federal para indicar una nueva zona de transmisi\u00f3n. <\/p>\n<p>Una gran parte de  Miami Beach  contin\u00faa como zona activa de infecci\u00f3n del  zika . <\/p>\n<p>Las autoridades de salud manifestaron el mes pasado que hab\u00edan cancelado el car\u00e1cter de zona de transmisi\u00f3n al distrito  Wynwood  de Miami. <\/p>\n<p> Florida  ha registrado al menos mil 20 personas infectadas de zika. <\/p>\n<p>La mayor\u00eda contrajo el virus fuera de  Estados Unidos , pero  155 casos  no est\u00e1n relacionados a viajes al exterior. <\/p>\n<p>\u00a0 <\/p>\n","protected":false},"excerpt":{"rendered":"<p>Las autoridades de Salud de Florida identificaron otro vecindario de <a href=\"https:\/\/sertv.gob.pa\/nacionalfm\/nueva-zona-de-transmision-del-zika-se-identifica-en-florida\/\"> [&#8230;]<\/a><\/p>\n","protected":false},"author":1,"featured_media":16337,"comment_status":"closed","ping_status":"closed","sticky":false,"template":"","format":"standard","meta":{"footnotes":""},"categories":[5],"tags":[],"class_list":["post-16336","post","type-post","status-publish","format-standard","has-post-thumbnail","hentry","category-salud"],"_links":{"self":[{"href":"https:\/\/sertv.gob.pa\/nacionalfm\/wp-json\/wp\/v2\/posts\/16336","targetHints":{"allow":["GET"]}}],"collection":[{"href":"https:\/\/sertv.gob.pa\/nacionalfm\/wp-json\/wp\/v2\/posts"}],"about":[{"href":"https:\/\/sertv.gob.pa\/nacionalfm\/wp-json\/wp\/v2\/types\/post"}],"author":[{"embeddable":true,"href":"https:\/\/sertv.gob.pa\/nacionalfm\/wp-json\/wp\/v2\/users\/1"}],"replies":[{"embeddable":true,"href":"https:\/\/sertv.gob.pa\/nacionalfm\/wp-json\/wp\/v2\/comments?post=16336"}],"version-history":[{"count":0,"href":"https:\/\/sertv.gob.pa\/nacionalfm\/wp-json\/wp\/v2\/posts\/16336\/revisions"}],"wp:featuredmedia":[{"embeddable":true,"href":"https:\/\/sertv.gob.pa\/nacionalfm\/wp-json\/wp\/v2\/media\/16337"}],"wp:attachment":[{"href":"https:\/\/sertv.gob.pa\/nacionalfm\/wp-json\/wp\/v2\/media?parent=16336"}],"wp:term":[{"taxonomy":"category","embeddable":true,"href":"https:\/\/sertv.gob.pa\/nacionalfm\/wp-json\/wp\/v2\/categories?post=16336"},{"taxonomy":"post_tag","embeddable":true,"href":"https:\/\/sertv.gob.pa\/nacionalfm\/wp-json\/wp\/v2\/tags?post=16336"}],"curies":[{"name":"wp","href":"https:\/\/api.w.org\/{rel}","templated":true}]}}