{"id":1638,"date":"2014-09-20T05:00:00","date_gmt":"2014-09-20T05:00:00","guid":{"rendered":""},"modified":"2014-09-20T05:00:00","modified_gmt":"2014-09-20T05:00:00","slug":"cifras-de-infestados-por-sida-sobrepasa-los-20-mil","status":"publish","type":"post","link":"https:\/\/sertv.gob.pa\/nacionalfm\/cifras-de-infestados-por-sida-sobrepasa-los-20-mil\/","title":{"rendered":"Cifras de paname\u00f1os infestados por SIDA sobrepasan los 20 mil"},"content":{"rendered":"<p>\nEl Doctor Orlando Quintero de PROBIDSIDA, advierte que en Panam\u00e1, las cifras de personas infestadas por esta mortal enfermedad, sobrepasan los 20 mil paname\u00f1os. <\/p>\n<p>El activista, considera que a\u00fan existe discriminaci\u00f3n y debe promoverse la aplicaci\u00f3n de pruebas para identificar a la poblaci\u00f3n que est\u00e1 en riesgo de padecer la misma.\u00a0 @nacionalFm <\/p>\n","protected":false},"excerpt":{"rendered":"<p>El Doctor Orlando Quintero de PROBIDSIDA, advierte que en Panam\u00e1, <a href=\"https:\/\/sertv.gob.pa\/nacionalfm\/cifras-de-infestados-por-sida-sobrepasa-los-20-mil\/\"> [&#8230;]<\/a><\/p>\n","protected":false},"author":1,"featured_media":1639,"comment_status":"closed","ping_status":"closed","sticky":false,"template":"","format":"standard","meta":{"footnotes":""},"categories":[5],"tags":[],"class_list":["post-1638","post","type-post","status-publish","format-standard","has-post-thumbnail","hentry","category-salud"],"_links":{"self":[{"href":"https:\/\/sertv.gob.pa\/nacionalfm\/wp-json\/wp\/v2\/posts\/1638","targetHints":{"allow":["GET"]}}],"collection":[{"href":"https:\/\/sertv.gob.pa\/nacionalfm\/wp-json\/wp\/v2\/posts"}],"about":[{"href":"https:\/\/sertv.gob.pa\/nacionalfm\/wp-json\/wp\/v2\/types\/post"}],"author":[{"embeddable":true,"href":"https:\/\/sertv.gob.pa\/nacionalfm\/wp-json\/wp\/v2\/users\/1"}],"replies":[{"embeddable":true,"href":"https:\/\/sertv.gob.pa\/nacionalfm\/wp-json\/wp\/v2\/comments?post=1638"}],"version-history":[{"count":0,"href":"https:\/\/sertv.gob.pa\/nacionalfm\/wp-json\/wp\/v2\/posts\/1638\/revisions"}],"wp:featuredmedia":[{"embeddable":true,"href":"https:\/\/sertv.gob.pa\/nacionalfm\/wp-json\/wp\/v2\/media\/1639"}],"wp:attachment":[{"href":"https:\/\/sertv.gob.pa\/nacionalfm\/wp-json\/wp\/v2\/media?parent=1638"}],"wp:term":[{"taxonomy":"category","embeddable":true,"href":"https:\/\/sertv.gob.pa\/nacionalfm\/wp-json\/wp\/v2\/categories?post=1638"},{"taxonomy":"post_tag","embeddable":true,"href":"https:\/\/sertv.gob.pa\/nacionalfm\/wp-json\/wp\/v2\/tags?post=1638"}],"curies":[{"name":"wp","href":"https:\/\/api.w.org\/{rel}","templated":true}]}}