{"id":16384,"date":"2016-10-18T15:04:27","date_gmt":"2016-10-18T15:04:27","guid":{"rendered":""},"modified":"2016-10-18T15:04:27","modified_gmt":"2016-10-18T15:04:27","slug":"la-roca-de-gracia-responde-a-reto-de-franklin-manzanilla","status":"publish","type":"post","link":"https:\/\/sertv.gob.pa\/nacionalfm\/la-roca-de-gracia-responde-a-reto-de-franklin-manzanilla\/","title":{"rendered":"\u201cLa Roca\u201d De Gracia responde a reto de  Franklin Manzanilla"},"content":{"rendered":"<p>\nEl invicto p\u00fagil chiricano, y clasificado s\u00e9ptimo por la Asociaci\u00f3n Mundial de Boxeo, Bryan &ldquo;La Roca&rdquo; De Gracia \u00a0respondi\u00f3 al reto del venezolano Franklin Manzanilla. <\/p>\n<p>El p\u00fagil De Gracia manifiesta que \u00e9l no decide si pelea o no pelea con x rival, el simplemente se enfrenta a su apoderado y promotor asignan.\u00a0 En cuanto al cuestionamiento de Manzanilla en cuanto a que la pelea se haga en Chiriqu\u00ed, &ldquo;La Roca&rdquo; indic\u00f3 que tampoco exige la plaza donde el promotor decida ah\u00ed pelea. <\/p>\n<p>En cuanto a Manzanilla De Gracia le record\u00f3 que \u00e9l es un 22, y si quiere pelear \u00e9l tiene que subir a las 26, por que \u00e9l no tiene nada que ganar ante Manzanilla tomando en consideraci\u00f3n que \u00e9l est\u00e1 clasificado en la AMB y el Consejo Mundial de Boxeo. <\/p>\n<p>\u00a0 <\/p>\n","protected":false},"excerpt":{"rendered":"<p>El invicto p\u00fagil chiricano, y clasificado s\u00e9ptimo por la Asociaci\u00f3n <a href=\"https:\/\/sertv.gob.pa\/nacionalfm\/la-roca-de-gracia-responde-a-reto-de-franklin-manzanilla\/\"> [&#8230;]<\/a><\/p>\n","protected":false},"author":1,"featured_media":16385,"comment_status":"closed","ping_status":"closed","sticky":false,"template":"","format":"standard","meta":{"footnotes":""},"categories":[4],"tags":[],"class_list":["post-16384","post","type-post","status-publish","format-standard","has-post-thumbnail","hentry","category-deportes"],"_links":{"self":[{"href":"https:\/\/sertv.gob.pa\/nacionalfm\/wp-json\/wp\/v2\/posts\/16384","targetHints":{"allow":["GET"]}}],"collection":[{"href":"https:\/\/sertv.gob.pa\/nacionalfm\/wp-json\/wp\/v2\/posts"}],"about":[{"href":"https:\/\/sertv.gob.pa\/nacionalfm\/wp-json\/wp\/v2\/types\/post"}],"author":[{"embeddable":true,"href":"https:\/\/sertv.gob.pa\/nacionalfm\/wp-json\/wp\/v2\/users\/1"}],"replies":[{"embeddable":true,"href":"https:\/\/sertv.gob.pa\/nacionalfm\/wp-json\/wp\/v2\/comments?post=16384"}],"version-history":[{"count":0,"href":"https:\/\/sertv.gob.pa\/nacionalfm\/wp-json\/wp\/v2\/posts\/16384\/revisions"}],"wp:featuredmedia":[{"embeddable":true,"href":"https:\/\/sertv.gob.pa\/nacionalfm\/wp-json\/wp\/v2\/media\/16385"}],"wp:attachment":[{"href":"https:\/\/sertv.gob.pa\/nacionalfm\/wp-json\/wp\/v2\/media?parent=16384"}],"wp:term":[{"taxonomy":"category","embeddable":true,"href":"https:\/\/sertv.gob.pa\/nacionalfm\/wp-json\/wp\/v2\/categories?post=16384"},{"taxonomy":"post_tag","embeddable":true,"href":"https:\/\/sertv.gob.pa\/nacionalfm\/wp-json\/wp\/v2\/tags?post=16384"}],"curies":[{"name":"wp","href":"https:\/\/api.w.org\/{rel}","templated":true}]}}