{"id":16392,"date":"2016-10-18T15:53:19","date_gmt":"2016-10-18T15:53:19","guid":{"rendered":""},"modified":"2016-10-18T15:53:19","modified_gmt":"2016-10-18T15:53:19","slug":"cuatro-panamenos-clasificados-en-el-cmb-chemito-sexto-supergallo","status":"publish","type":"post","link":"https:\/\/sertv.gob.pa\/nacionalfm\/cuatro-panamenos-clasificados-en-el-cmb-chemito-sexto-supergallo\/","title":{"rendered":"Cuatro paname\u00f1os clasificados en el CMB, \u201cChemito\u201d sexto supergallo"},"content":{"rendered":"<p>\nEl Consejo Mundial de Boxeo clasific\u00f3 este mes a cuatro p\u00fagiles paname\u00f1os, y al ex campe\u00f3n gallo de la Asociaci\u00f3n Mundial de Boxeo Anselmo &ldquo;Chemito&rdquo; Moreno lo incluy\u00f3 en el sexto caj\u00f3n de los supergallos. <\/p>\n<p>Entr\u00f3 a la clasificaci\u00f3n en la posici\u00f3n n\u00famero 11 el chiricano Bryan &ldquo;La Roca&rdquo; De Gracia, y tambi\u00e9n est\u00e1n los paname\u00f1os Azael &ldquo;Candelilla&rdquo; \u00a0Villar de n\u00famero 14 y Leroy &ldquo;El Sensacional&rdquo; Estrada de n\u00famero 2. <\/p>\n<p>&ldquo;Chemito&rdquo; Moreno viene de perder,por K.O. en 8 asaltos pelea por el t\u00edtulo gallo del organismo en combate de revancha ante el titular Sensuke Yamanaka del Jap\u00f3n. <\/p>\n","protected":false},"excerpt":{"rendered":"<p>El Consejo Mundial de Boxeo clasific\u00f3 este mes a cuatro <a href=\"https:\/\/sertv.gob.pa\/nacionalfm\/cuatro-panamenos-clasificados-en-el-cmb-chemito-sexto-supergallo\/\"> [&#8230;]<\/a><\/p>\n","protected":false},"author":1,"featured_media":16393,"comment_status":"closed","ping_status":"closed","sticky":false,"template":"","format":"standard","meta":{"footnotes":""},"categories":[4],"tags":[],"class_list":["post-16392","post","type-post","status-publish","format-standard","has-post-thumbnail","hentry","category-deportes"],"_links":{"self":[{"href":"https:\/\/sertv.gob.pa\/nacionalfm\/wp-json\/wp\/v2\/posts\/16392","targetHints":{"allow":["GET"]}}],"collection":[{"href":"https:\/\/sertv.gob.pa\/nacionalfm\/wp-json\/wp\/v2\/posts"}],"about":[{"href":"https:\/\/sertv.gob.pa\/nacionalfm\/wp-json\/wp\/v2\/types\/post"}],"author":[{"embeddable":true,"href":"https:\/\/sertv.gob.pa\/nacionalfm\/wp-json\/wp\/v2\/users\/1"}],"replies":[{"embeddable":true,"href":"https:\/\/sertv.gob.pa\/nacionalfm\/wp-json\/wp\/v2\/comments?post=16392"}],"version-history":[{"count":0,"href":"https:\/\/sertv.gob.pa\/nacionalfm\/wp-json\/wp\/v2\/posts\/16392\/revisions"}],"wp:featuredmedia":[{"embeddable":true,"href":"https:\/\/sertv.gob.pa\/nacionalfm\/wp-json\/wp\/v2\/media\/16393"}],"wp:attachment":[{"href":"https:\/\/sertv.gob.pa\/nacionalfm\/wp-json\/wp\/v2\/media?parent=16392"}],"wp:term":[{"taxonomy":"category","embeddable":true,"href":"https:\/\/sertv.gob.pa\/nacionalfm\/wp-json\/wp\/v2\/categories?post=16392"},{"taxonomy":"post_tag","embeddable":true,"href":"https:\/\/sertv.gob.pa\/nacionalfm\/wp-json\/wp\/v2\/tags?post=16392"}],"curies":[{"name":"wp","href":"https:\/\/api.w.org\/{rel}","templated":true}]}}