{"id":16412,"date":"2016-10-18T21:14:28","date_gmt":"2016-10-18T21:14:28","guid":{"rendered":""},"modified":"2016-10-18T21:14:28","modified_gmt":"2016-10-18T21:14:28","slug":"suspenden-al-arbitro-alex-barrios-por-detener-encuentro","status":"publish","type":"post","link":"https:\/\/sertv.gob.pa\/nacionalfm\/suspenden-al-arbitro-alex-barrios-por-detener-encuentro\/","title":{"rendered":"Suspenden al \u00e1rbitro \u00c1lex Barrios por detener encuentro"},"content":{"rendered":"<p>\nEn la \u00faltima reuni\u00f3n de la Comisi\u00f3n de Boxeo Profesional de Panam\u00e1 se suspendi\u00f3 por una programaci\u00f3n box\u00edstica al \u00e1rbitro, Alex Barrios por detener irregularmente el encuentro entre el verag\u00fcense Juan Delgado y el capitalino Edwin\u00a0 Gamboa al darle a este \u00faltimo la victoria por K.O.T. cuando el p\u00fagil de Veraguas a\u00fan pod\u00eda continuar. <\/p>\n<p>El presidente de La COMIBOX, Jaime Salas tambi\u00e9n anunci\u00f3 que el boxeador venezolano Jorge Navarro fue multado por no presentarse al pesaje para su combate con Robinson Arag\u00f3n, adem\u00e1s de la multa tiene que pagar un porcentaje de la bolsa de su rival. <\/p>\n<p>\u00a0 <\/p>\n","protected":false},"excerpt":{"rendered":"<p>En la \u00faltima reuni\u00f3n de la Comisi\u00f3n de Boxeo Profesional <a href=\"https:\/\/sertv.gob.pa\/nacionalfm\/suspenden-al-arbitro-alex-barrios-por-detener-encuentro\/\"> [&#8230;]<\/a><\/p>\n","protected":false},"author":1,"featured_media":16413,"comment_status":"closed","ping_status":"closed","sticky":false,"template":"","format":"standard","meta":{"footnotes":""},"categories":[4],"tags":[],"class_list":["post-16412","post","type-post","status-publish","format-standard","has-post-thumbnail","hentry","category-deportes"],"_links":{"self":[{"href":"https:\/\/sertv.gob.pa\/nacionalfm\/wp-json\/wp\/v2\/posts\/16412","targetHints":{"allow":["GET"]}}],"collection":[{"href":"https:\/\/sertv.gob.pa\/nacionalfm\/wp-json\/wp\/v2\/posts"}],"about":[{"href":"https:\/\/sertv.gob.pa\/nacionalfm\/wp-json\/wp\/v2\/types\/post"}],"author":[{"embeddable":true,"href":"https:\/\/sertv.gob.pa\/nacionalfm\/wp-json\/wp\/v2\/users\/1"}],"replies":[{"embeddable":true,"href":"https:\/\/sertv.gob.pa\/nacionalfm\/wp-json\/wp\/v2\/comments?post=16412"}],"version-history":[{"count":0,"href":"https:\/\/sertv.gob.pa\/nacionalfm\/wp-json\/wp\/v2\/posts\/16412\/revisions"}],"wp:featuredmedia":[{"embeddable":true,"href":"https:\/\/sertv.gob.pa\/nacionalfm\/wp-json\/wp\/v2\/media\/16413"}],"wp:attachment":[{"href":"https:\/\/sertv.gob.pa\/nacionalfm\/wp-json\/wp\/v2\/media?parent=16412"}],"wp:term":[{"taxonomy":"category","embeddable":true,"href":"https:\/\/sertv.gob.pa\/nacionalfm\/wp-json\/wp\/v2\/categories?post=16412"},{"taxonomy":"post_tag","embeddable":true,"href":"https:\/\/sertv.gob.pa\/nacionalfm\/wp-json\/wp\/v2\/tags?post=16412"}],"curies":[{"name":"wp","href":"https:\/\/api.w.org\/{rel}","templated":true}]}}