{"id":16430,"date":"2016-10-19T21:46:30","date_gmt":"2016-10-19T21:46:30","guid":{"rendered":""},"modified":"2016-10-19T21:46:30","modified_gmt":"2016-10-19T21:46:30","slug":"universidad-de-saint-louis-estudia-vacuna-contra-el-zika","status":"publish","type":"post","link":"https:\/\/sertv.gob.pa\/nacionalfm\/universidad-de-saint-louis-estudia-vacuna-contra-el-zika\/","title":{"rendered":"Universidad de Saint Louis estudia vacuna contra el zika"},"content":{"rendered":"<p>\nLa Universidad de Saint Louis se apresta a efectuar pruebas con una vacuna para combatir el zika. <\/p>\n<p>La universidad busca 90 voluntarios para probar la vacuna creada por el Instituto Walter Reed de Investigaciones del Ej\u00e9rcito en Maryland, a partir de este mes. <\/p>\n<p>Los voluntarios recibir\u00e1n dos dosis de una vacuna o un placebo, tras lo cual ser\u00e1n monitoreados durante un a\u00f1o para ver si desarrollan anticuerpos contra el virus de zika. <\/p>\n<p>La vacuna contiene un virus desactivado, por lo que los voluntarios no pueden contraer zika a causa de la misma. <\/p>\n<p>El zika ocurre mayormente en pa\u00edses de Latinoam\u00e9rica y el Caribe, pero se han reportado 128 casos en Florida. En la mayor\u00eda de los casos, el virus no ocasiona s\u00edntomas o cause s\u00edntomas leves, pero puede resultar en graves defectos cong\u00e9nitos si la madre lo contrae durante el embarazo. <\/p>\n<p>\u00a0 <\/p>\n","protected":false},"excerpt":{"rendered":"<p>La Universidad de Saint Louis se apresta a efectuar pruebas <a href=\"https:\/\/sertv.gob.pa\/nacionalfm\/universidad-de-saint-louis-estudia-vacuna-contra-el-zika\/\"> [&#8230;]<\/a><\/p>\n","protected":false},"author":1,"featured_media":16431,"comment_status":"closed","ping_status":"closed","sticky":false,"template":"","format":"standard","meta":{"footnotes":""},"categories":[5],"tags":[],"class_list":["post-16430","post","type-post","status-publish","format-standard","has-post-thumbnail","hentry","category-salud"],"_links":{"self":[{"href":"https:\/\/sertv.gob.pa\/nacionalfm\/wp-json\/wp\/v2\/posts\/16430","targetHints":{"allow":["GET"]}}],"collection":[{"href":"https:\/\/sertv.gob.pa\/nacionalfm\/wp-json\/wp\/v2\/posts"}],"about":[{"href":"https:\/\/sertv.gob.pa\/nacionalfm\/wp-json\/wp\/v2\/types\/post"}],"author":[{"embeddable":true,"href":"https:\/\/sertv.gob.pa\/nacionalfm\/wp-json\/wp\/v2\/users\/1"}],"replies":[{"embeddable":true,"href":"https:\/\/sertv.gob.pa\/nacionalfm\/wp-json\/wp\/v2\/comments?post=16430"}],"version-history":[{"count":0,"href":"https:\/\/sertv.gob.pa\/nacionalfm\/wp-json\/wp\/v2\/posts\/16430\/revisions"}],"wp:featuredmedia":[{"embeddable":true,"href":"https:\/\/sertv.gob.pa\/nacionalfm\/wp-json\/wp\/v2\/media\/16431"}],"wp:attachment":[{"href":"https:\/\/sertv.gob.pa\/nacionalfm\/wp-json\/wp\/v2\/media?parent=16430"}],"wp:term":[{"taxonomy":"category","embeddable":true,"href":"https:\/\/sertv.gob.pa\/nacionalfm\/wp-json\/wp\/v2\/categories?post=16430"},{"taxonomy":"post_tag","embeddable":true,"href":"https:\/\/sertv.gob.pa\/nacionalfm\/wp-json\/wp\/v2\/tags?post=16430"}],"curies":[{"name":"wp","href":"https:\/\/api.w.org\/{rel}","templated":true}]}}