{"id":16432,"date":"2016-10-19T21:48:13","date_gmt":"2016-10-19T21:48:13","guid":{"rendered":""},"modified":"2016-10-19T21:48:13","modified_gmt":"2016-10-19T21:48:13","slug":"mas-de-180-000-casos-de-malaria-se-registran-en-venezuela","status":"publish","type":"post","link":"https:\/\/sertv.gob.pa\/nacionalfm\/mas-de-180-000-casos-de-malaria-se-registran-en-venezuela\/","title":{"rendered":"M\u00e1s de 180.000 casos de malaria se registran en Venezuela"},"content":{"rendered":"<p>\nEl presidente de la Federaci\u00f3n M\u00e9dica de Venezuela (FMV), Douglas Le\u00f3n Natera, asegur\u00f3 que el pa\u00eds registra m\u00e1s de 180.000 casos de malaria, as\u00ed como el auge de otras enfermedades epid\u00e9micas, por lo que inst\u00f3 al Gobierno de Nicol\u00e1s Maduro a tomar correctivos en la materia. <\/p>\n<p>Hoy d\u00eda tenemos m\u00e1s de 180.000 casos de malaria, de los cuales el 80 por ciento los tenemos en el estado Bol\u00edvar (sur). Es realmente tenebroso ir al estado Bol\u00edvar\u00bb, afirm\u00f3 Le\u00f3n Natera en conferencia de prensa. <\/p>\n<p>Explic\u00f3 que este mal, igualmente conocido como paludismo, hab\u00eda sido erradicado de Venezuela hace 50 a\u00f1os y \u00abahora reaparece y est\u00e1 establecido en el estado Bol\u00edvar con cifras inmensamente alarmantes\u00bb. <\/p>\n<p>Por otra parte, se refiri\u00f3 a la difteria, otra enfermedad que est\u00e1 afectando y que ten\u00eda 25 a\u00f1os sin aparecer, seg\u00fan dijo. <\/p>\n<p>El federativo m\u00e9dico asegur\u00f3 que los centros hospitalarios en Bol\u00edvar aplican un m\u00e1ximo de 30 vacunas al d\u00eda contra la difteria, cifra que consider\u00f3 insuficiente por lo que solicit\u00f3 al Ministerio de Salud atender el tema y difundir informaci\u00f3n oficial sobre las epidemias. <\/p>\n<p>La semana pasada, el Ministerio de Salud de Guyana, fronterizo con el sur de Venezuela, inform\u00f3 de que empezar\u00eda a vacunar a su poblaci\u00f3n contra la difteria en comunidades donde se han reportado casos de ni\u00f1os infectados con esa enfermedad. <\/p>\n<p>\u00a0 <\/p>\n","protected":false},"excerpt":{"rendered":"<p>El presidente de la Federaci\u00f3n M\u00e9dica de Venezuela (FMV), Douglas <a href=\"https:\/\/sertv.gob.pa\/nacionalfm\/mas-de-180-000-casos-de-malaria-se-registran-en-venezuela\/\"> [&#8230;]<\/a><\/p>\n","protected":false},"author":1,"featured_media":16433,"comment_status":"closed","ping_status":"closed","sticky":false,"template":"","format":"standard","meta":{"footnotes":""},"categories":[5],"tags":[],"class_list":["post-16432","post","type-post","status-publish","format-standard","has-post-thumbnail","hentry","category-salud"],"_links":{"self":[{"href":"https:\/\/sertv.gob.pa\/nacionalfm\/wp-json\/wp\/v2\/posts\/16432","targetHints":{"allow":["GET"]}}],"collection":[{"href":"https:\/\/sertv.gob.pa\/nacionalfm\/wp-json\/wp\/v2\/posts"}],"about":[{"href":"https:\/\/sertv.gob.pa\/nacionalfm\/wp-json\/wp\/v2\/types\/post"}],"author":[{"embeddable":true,"href":"https:\/\/sertv.gob.pa\/nacionalfm\/wp-json\/wp\/v2\/users\/1"}],"replies":[{"embeddable":true,"href":"https:\/\/sertv.gob.pa\/nacionalfm\/wp-json\/wp\/v2\/comments?post=16432"}],"version-history":[{"count":0,"href":"https:\/\/sertv.gob.pa\/nacionalfm\/wp-json\/wp\/v2\/posts\/16432\/revisions"}],"wp:featuredmedia":[{"embeddable":true,"href":"https:\/\/sertv.gob.pa\/nacionalfm\/wp-json\/wp\/v2\/media\/16433"}],"wp:attachment":[{"href":"https:\/\/sertv.gob.pa\/nacionalfm\/wp-json\/wp\/v2\/media?parent=16432"}],"wp:term":[{"taxonomy":"category","embeddable":true,"href":"https:\/\/sertv.gob.pa\/nacionalfm\/wp-json\/wp\/v2\/categories?post=16432"},{"taxonomy":"post_tag","embeddable":true,"href":"https:\/\/sertv.gob.pa\/nacionalfm\/wp-json\/wp\/v2\/tags?post=16432"}],"curies":[{"name":"wp","href":"https:\/\/api.w.org\/{rel}","templated":true}]}}